{"id":346160,"date":"2021-06-16T14:25:16","date_gmt":"2021-06-16T18:25:16","guid":{"rendered":"http:\/\/primermomento.com\/?p=346160"},"modified":"2021-06-16T14:27:40","modified_gmt":"2021-06-16T18:27:40","slug":"de-que-hablaron-putin-y-biden-en-la-cumbre-de-ginebra","status":"publish","type":"post","link":"https:\/\/primermomento.com\/?p=346160","title":{"rendered":"\u00bfDe qu\u00e9 hablaron Putin y Biden en la cumbre de Ginebra?"},"content":{"rendered":"\n<p>GINEBRA, Suiza.- Los ataques cibern\u00e9ticos, el regreso de sus respectivos embajadores, y el intercambio de presos, algunos de los temas claves.<\/p>\n\n\n\n<figure class=\"wp-block-image size-large\"><img loading=\"lazy\" decoding=\"async\" width=\"799\" height=\"546\" src=\"http:\/\/primermomento.com\/wp-content\/uploads\/2021\/06\/Putin-y-Biden.jpg\" alt=\"\" class=\"wp-image-346161\" srcset=\"https:\/\/primermomento.com\/wp-content\/uploads\/2021\/06\/Putin-y-Biden.jpg 799w, https:\/\/primermomento.com\/wp-content\/uploads\/2021\/06\/Putin-y-Biden-300x205.jpg 300w, https:\/\/primermomento.com\/wp-content\/uploads\/2021\/06\/Putin-y-Biden-768x525.jpg 768w, https:\/\/primermomento.com\/wp-content\/uploads\/2021\/06\/Putin-y-Biden-73x50.jpg 73w, https:\/\/primermomento.com\/wp-content\/uploads\/2021\/06\/Putin-y-Biden-500x342.jpg 500w, https:\/\/primermomento.com\/wp-content\/uploads\/2021\/06\/Putin-y-Biden-280x191.jpg 280w, https:\/\/primermomento.com\/wp-content\/uploads\/2021\/06\/Putin-y-Biden-60x40.jpg 60w, https:\/\/primermomento.com\/wp-content\/uploads\/2021\/06\/Putin-y-Biden-638x436.jpg 638w, https:\/\/primermomento.com\/wp-content\/uploads\/2021\/06\/Putin-y-Biden-118x81.jpg 118w, https:\/\/primermomento.com\/wp-content\/uploads\/2021\/06\/Putin-y-Biden-479x327.jpg 479w\" sizes=\"auto, (max-width: 799px) 100vw, 799px\" \/><figcaption>Biden tom\u00f3 la iniciativa y tendi\u00f3 la mano a <em>Putin. \u00abSiempre es mejor verse cara a cara\u00bb, dijo el mandatario estadounidense al inicio de esta cumbre, la primera con el l\u00edder ruso desde que lleg\u00f3 a la Casa Blanca en enero. Putin, por su parte, dijo que confiaba en que la \u00abreuni\u00f3n sea productiva\u00bb (MIKHAIL METZEL)<\/em><\/figcaption><\/figure>\n\n\n\n<p>Joe Biden y Vladimir Putin volvieron a cruzarse en el momento m\u00e1s cr\u00edtico de las relaciones entre Mosc\u00fa y Washington desde la Guerra Fr\u00eda. Los ataques cibern\u00e9ticos de Mosc\u00fa, los distintos objetivos de ambas potencias en Siria y sus alrededores, el conflicto latente en el este de Ucrania, y la captura del opositor ruso Alex\u00e9i Navalny, son algunas de las cuestiones pendientes que aumentan la tensi\u00f3n diplom\u00e1tica entre ambos pa\u00edses.<\/p>\n\n\n\n<p>Mosc\u00fa y Washington se han acusado mutuamente y se han impuesto sanciones desde el comienzo del mandato del dem\u00f3crata, por lo que muchos analistas advirtieron que esta cumbre no arrojarar\u00eda grandes resultados.<\/p>\n\n\n\n<p>La reuni\u00f3n dur\u00f3 algo menos de cuatro horas y, como estaba previsto, el presidente Putin fue el primero en ofrecer una rueda de prensa. La Casa Blanca confirm\u00f3 que el mandatario estadounidense comparecer\u00e1 tambi\u00e9n ante la prensa una vez que finalice la intervenci\u00f3n de Putin.\u00a0<\/p>\n\n\n\n<p><strong>Regreso de sus embajadores<\/strong><\/p>\n\n\n\n<p>\u201cCon respecto al regreso de nuestros embajadores a su lugar de trabajo, el de EE. UU. a Mosc\u00fa y el nuestro a Washington, hemos acordado que vuelvan a sus labores\u201d, se\u00f1al\u00f3 Putin. \u201cEn cuanto al calendario, ma\u00f1ana o el d\u00eda despu\u00e9s es un puro tecnicismo\u201d, agreg\u00f3 el mandatario ruso, quien dijo que el Departamento de Estado y el Ministerio de Exteriores de Rusia abordar\u00e1n \u201ctodo el conjunto de la cooperaci\u00f3n diplom\u00e1tica\u201d, porque se han acumulado muchas cuestiones.<\/p>\n\n\n\n<p>Las tensiones entre el Kremlin y la Casa Blanca se dispararon en marzo despu\u00e9s de que el presidente de EEUU llamara \u201casesino\u201d a Putin, tras lo cual Mosc\u00fa llam\u00f3 a consultas a Ant\u00f3nov, y recomend\u00f3 al responsable de la legaci\u00f3n estadounidense que abandone el pa\u00eds.<\/p>\n\n\n\n<p>En abril Estados Unidos impuso sanciones a Rusia y expuls\u00f3 a diez diplom\u00e1ticos por su presunta interferencia en las elecciones presidenciales de 2020, su supuesto papel en el ciberataque masivo de SolarWinds y sus acciones en Ucrania y Afganist\u00e1n.<\/p>\n\n\n\n<p>El Kremlin respondi\u00f3 con medidas similares; incluy\u00f3 a EE. UU. en una lista de \u201cpa\u00edses inamistosos\u201d, que implica que Washington no podr\u00e1 contratar a personal local para sus representaciones diplom\u00e1ticas en territorio ruso, y recientemente limit\u00f3 el movimiento de diplom\u00e1ticos estadounidenses en territorio ruso.<\/p>\n\n\n\n<p><strong>Consultas sobre ciberseguridad<\/strong><\/p>\n\n\n\n<p>Tras las acusaciones estadounidenses sobre supuestos ataques desde territorio ruso, ambos pa\u00edses iniciar\u00e1n consultas sobre ciberseguridad. \u201cEs necesario dejar de lado todo tipo de insinuaci\u00f3n y comenzar a trabajar a nivel de expertos en inter\u00e9s de Estados Unidos y de Rusia\u201d, dijo Putin. El presidente de Rusia neg\u00f3 que su pa\u00eds haya jugado un papel en varios ataques cibern\u00e9ticos contra las instituciones estadounidenses.<\/p>\n\n\n\n<p>El mandatario ruso agreg\u00f3 que su pa\u00eds tambi\u00e9n sufre ciberataques y cit\u00f3 como ejemplo un ataque contra el sistema sanitario de una de las entidades federadas rusas. \u201dDesde luego, vemos desde d\u00f3nde proceden los ataques, vemos que este trabajo se coordina desde el ciberespacio de Estados Unidos\u201d, se\u00f1al\u00f3.<\/p>\n\n\n\n<p>Pese a que Putin sugiri\u00f3 que hab\u00eda alg\u00fan tipo de acuerdo para establecer grupos de expertos para examinar estos temas, varios periodistas del New York Times afirmaron que \u201clos funcionarios estadounidenses temen que sea poco m\u00e1s que una estratagema para atar el asunto en un comit\u00e9\u201d.<\/p>\n\n\n\n<p class=\"has-text-align-right\"><em>Con informaci\u00f3n de Efe y Afp<\/em><\/p>\n","protected":false},"excerpt":{"rendered":"<p>GINEBRA, Suiza.- Los ataques cibern\u00e9ticos, el regreso de sus respectivos embajadores, y el intercambio de presos, algunos de los temas claves. Joe Biden y Vladimir Putin volvieron a cruzarse en el momento m\u00e1s cr\u00edtico de las relaciones entre Mosc\u00fa y Washington desde la Guerra Fr\u00eda. Los ataques cibern\u00e9ticos de Mosc\u00fa, los distintos objetivos de ambas [&hellip;]<\/p>\n","protected":false},"author":1,"featured_media":0,"comment_status":"open","ping_status":"open","sticky":false,"template":"","format":"standard","meta":{"_bbp_topic_count":0,"_bbp_reply_count":0,"_bbp_total_topic_count":0,"_bbp_total_reply_count":0,"_bbp_voice_count":0,"_bbp_anonymous_reply_count":0,"_bbp_topic_count_hidden":0,"_bbp_reply_count_hidden":0,"_bbp_forum_subforum_count":0,"footnotes":""},"categories":[60,61],"tags":[],"class_list":{"0":"post-346160","1":"post","2":"type-post","3":"status-publish","4":"format-standard","6":"category-titulares-del-dia","7":"category-mundo"},"_links":{"self":[{"href":"https:\/\/primermomento.com\/index.php?rest_route=\/wp\/v2\/posts\/346160","targetHints":{"allow":["GET"]}}],"collection":[{"href":"https:\/\/primermomento.com\/index.php?rest_route=\/wp\/v2\/posts"}],"about":[{"href":"https:\/\/primermomento.com\/index.php?rest_route=\/wp\/v2\/types\/post"}],"author":[{"embeddable":true,"href":"https:\/\/primermomento.com\/index.php?rest_route=\/wp\/v2\/users\/1"}],"replies":[{"embeddable":true,"href":"https:\/\/primermomento.com\/index.php?rest_route=%2Fwp%2Fv2%2Fcomments&post=346160"}],"version-history":[{"count":2,"href":"https:\/\/primermomento.com\/index.php?rest_route=\/wp\/v2\/posts\/346160\/revisions"}],"predecessor-version":[{"id":346164,"href":"https:\/\/primermomento.com\/index.php?rest_route=\/wp\/v2\/posts\/346160\/revisions\/346164"}],"wp:attachment":[{"href":"https:\/\/primermomento.com\/index.php?rest_route=%2Fwp%2Fv2%2Fmedia&parent=346160"}],"wp:term":[{"taxonomy":"category","embeddable":true,"href":"https:\/\/primermomento.com\/index.php?rest_route=%2Fwp%2Fv2%2Fcategories&post=346160"},{"taxonomy":"post_tag","embeddable":true,"href":"https:\/\/primermomento.com\/index.php?rest_route=%2Fwp%2Fv2%2Ftags&post=346160"}],"curies":[{"name":"wp","href":"https:\/\/api.w.org\/{rel}","templated":true}]}}