{"id":346171,"date":"2021-06-16T01:39:00","date_gmt":"2021-06-16T05:39:00","guid":{"rendered":"http:\/\/primermomento.com\/?p=346171"},"modified":"2021-06-16T14:42:08","modified_gmt":"2021-06-16T18:42:08","slug":"refidomsa-y-energia-y-minas-fortalecerian-sector-energetico","status":"publish","type":"post","link":"https:\/\/primermomento.com\/?p=346171","title":{"rendered":"Refidomsa y Energ\u00eda y Minas fortalecer\u00edan sector energ\u00e9tico"},"content":{"rendered":"\n<p>SANTO DOMINGO, Rep\u00fablica Dominicana.- La Refiner\u00eda Dominicana de Petr\u00f3leo PDV (Refidomsa) y el Ministerio de Energ\u00eda y Minas firmaron este mi\u00e9rcoles un acuerdo que busca garantizar la seguridad energ\u00e9tica del pa\u00eds, uno de los ejes fundamentales del programa de Gobierno del presidente Luis Abinader.<\/p>\n\n\n\n<div class=\"wp-block-image\"><figure class=\"aligncenter size-large\"><img loading=\"lazy\" decoding=\"async\" width=\"697\" height=\"465\" src=\"http:\/\/primermomento.com\/wp-content\/uploads\/2021\/06\/Doctor-Leonardo-Aguilera-y-ministro-Antonio-Almonte1.jpg\" alt=\"\" class=\"wp-image-346172\" srcset=\"https:\/\/primermomento.com\/wp-content\/uploads\/2021\/06\/Doctor-Leonardo-Aguilera-y-ministro-Antonio-Almonte1.jpg 697w, https:\/\/primermomento.com\/wp-content\/uploads\/2021\/06\/Doctor-Leonardo-Aguilera-y-ministro-Antonio-Almonte1-300x200.jpg 300w, https:\/\/primermomento.com\/wp-content\/uploads\/2021\/06\/Doctor-Leonardo-Aguilera-y-ministro-Antonio-Almonte1-73x50.jpg 73w, https:\/\/primermomento.com\/wp-content\/uploads\/2021\/06\/Doctor-Leonardo-Aguilera-y-ministro-Antonio-Almonte1-500x334.jpg 500w, https:\/\/primermomento.com\/wp-content\/uploads\/2021\/06\/Doctor-Leonardo-Aguilera-y-ministro-Antonio-Almonte1-280x187.jpg 280w, https:\/\/primermomento.com\/wp-content\/uploads\/2021\/06\/Doctor-Leonardo-Aguilera-y-ministro-Antonio-Almonte1-60x40.jpg 60w, https:\/\/primermomento.com\/wp-content\/uploads\/2021\/06\/Doctor-Leonardo-Aguilera-y-ministro-Antonio-Almonte1-638x426.jpg 638w, https:\/\/primermomento.com\/wp-content\/uploads\/2021\/06\/Doctor-Leonardo-Aguilera-y-ministro-Antonio-Almonte1-118x79.jpg 118w, https:\/\/primermomento.com\/wp-content\/uploads\/2021\/06\/Doctor-Leonardo-Aguilera-y-ministro-Antonio-Almonte1-479x320.jpg 479w\" sizes=\"auto, (max-width: 697px) 100vw, 697px\" \/><\/figure><\/div>\n\n\n\n<p>El pacto, rubricado por el presidente de Refidomsa PDV, doctor Leonardo Aguilera, y el ministro de En energ\u00eda, ingeniero Antonio Almonte, es el producto final de un amplio periodo de reuniones y consultas con expertos y actores del sector, en el marco del Pacto El\u00e9ctrico auspiciado por el jefe del Estado.<\/p>\n\n\n\n<p>Al destacar la importancia del acuerdo, el doctor Aguilera expres\u00f3 que desde la refiner\u00eda, como empresa, \u201cestamos comprometidos con el desarrollo industrial, econ\u00f3mico y social del pa\u00eds, y en esta direcci\u00f3n hemos tomado la iniciativa de llegar a este acuerdo\u201d.<\/p>\n\n\n\n<p>\u201cDesde esta empresa nos hemos comprometido con las iniciativas que beneficien a la Rep\u00fablica Dominicana, y nos unimos a trabajar por el lineamiento del Poder Ejecutivo para la eficiencia del sector energ\u00e9tico\u201d, resalt\u00f3.<\/p>\n\n\n\n<p>Aguilera destac\u00f3 que la Refiner\u00eda Dominicana de Petr\u00f3leo representa un eje transversal de todos los sectores productivos del pa\u00eds, por tratarse de la principal empresa del sector y representar el motor fundamental que garantiza el movimiento de todos los dem\u00e1s entes productivos.<\/p>\n\n\n\n<p>Con el acuerdo, los actores se comprometen a trabajar juntos para lograr mejorar la producci\u00f3n y distribuci\u00f3n, ante la demanda colectiva sobre el servicio energ\u00e9tico, que por d\u00e9cadas ha sido deficiente, poco confiable y de alto costo.<\/p>\n\n\n\n<p>Por su lado, el ministro Almonte resalt\u00f3 el compromiso que el organismo que dirige de fortalecer la visi\u00f3n del presidente Abinader de impulsar el desarrollo del sector energ\u00e9tico.<\/p>\n\n\n\n<p>La firma del acuerdo se produjo durante un encuentro realizado en el Consejo de Administraci\u00f3n de Refidomsa PDV.<\/p>\n","protected":false},"excerpt":{"rendered":"<p>SANTO DOMINGO, Rep\u00fablica Dominicana.- La Refiner\u00eda Dominicana de Petr\u00f3leo PDV (Refidomsa) y el Ministerio de Energ\u00eda y Minas firmaron este mi\u00e9rcoles un acuerdo que busca garantizar la seguridad energ\u00e9tica del pa\u00eds, uno de los ejes fundamentales del programa de Gobierno del presidente Luis Abinader. El pacto, rubricado por el presidente de Refidomsa PDV, doctor Leonardo [&hellip;]<\/p>\n","protected":false},"author":1,"featured_media":0,"comment_status":"open","ping_status":"open","sticky":false,"template":"","format":"standard","meta":{"_bbp_topic_count":0,"_bbp_reply_count":0,"_bbp_total_topic_count":0,"_bbp_total_reply_count":0,"_bbp_voice_count":0,"_bbp_anonymous_reply_count":0,"_bbp_topic_count_hidden":0,"_bbp_reply_count_hidden":0,"_bbp_forum_subforum_count":0,"footnotes":""},"categories":[30,60],"tags":[],"class_list":{"0":"post-346171","1":"post","2":"type-post","3":"status-publish","4":"format-standard","6":"category-actualidad","7":"category-titulares-del-dia"},"_links":{"self":[{"href":"https:\/\/primermomento.com\/index.php?rest_route=\/wp\/v2\/posts\/346171","targetHints":{"allow":["GET"]}}],"collection":[{"href":"https:\/\/primermomento.com\/index.php?rest_route=\/wp\/v2\/posts"}],"about":[{"href":"https:\/\/primermomento.com\/index.php?rest_route=\/wp\/v2\/types\/post"}],"author":[{"embeddable":true,"href":"https:\/\/primermomento.com\/index.php?rest_route=\/wp\/v2\/users\/1"}],"replies":[{"embeddable":true,"href":"https:\/\/primermomento.com\/index.php?rest_route=%2Fwp%2Fv2%2Fcomments&post=346171"}],"version-history":[{"count":1,"href":"https:\/\/primermomento.com\/index.php?rest_route=\/wp\/v2\/posts\/346171\/revisions"}],"predecessor-version":[{"id":346173,"href":"https:\/\/primermomento.com\/index.php?rest_route=\/wp\/v2\/posts\/346171\/revisions\/346173"}],"wp:attachment":[{"href":"https:\/\/primermomento.com\/index.php?rest_route=%2Fwp%2Fv2%2Fmedia&parent=346171"}],"wp:term":[{"taxonomy":"category","embeddable":true,"href":"https:\/\/primermomento.com\/index.php?rest_route=%2Fwp%2Fv2%2Fcategories&post=346171"},{"taxonomy":"post_tag","embeddable":true,"href":"https:\/\/primermomento.com\/index.php?rest_route=%2Fwp%2Fv2%2Ftags&post=346171"}],"curies":[{"name":"wp","href":"https:\/\/api.w.org\/{rel}","templated":true}]}}