{"id":346174,"date":"2021-06-16T14:52:53","date_gmt":"2021-06-16T18:52:53","guid":{"rendered":"http:\/\/primermomento.com\/?p=346174"},"modified":"2021-06-16T14:53:49","modified_gmt":"2021-06-16T18:53:49","slug":"banl-continuan-operativos-de-recuperacion-de-espacios-publicos","status":"publish","type":"post","link":"https:\/\/primermomento.com\/?p=346174","title":{"rendered":"BAN\u013a | Volvieron a lanzar operativos de recuperaci\u00f3n de espacios p\u00fablicos"},"content":{"rendered":"\n<p>BAN\u013a, Rep\u00fablica Dominicana.- El departamento de Planeamiento Urbano del Ayuntamiento de Ban\u00ed, contin\u00faa su misi\u00f3n de recuperar los espacios p\u00fablicos del municipio con el prop\u00f3sito de habilitar sitios en situaci\u00f3n de marginalidad, y de esta forma facilitar la interacci\u00f3n social de los ciudadanos para lo cual est\u00e1n destinados, al tiempo de contribuir con la descontaminaci\u00f3n visual.<\/p>\n\n\n\n<div class=\"wp-block-image\"><figure class=\"aligncenter size-large\"><img loading=\"lazy\" decoding=\"async\" width=\"676\" height=\"451\" src=\"http:\/\/primermomento.com\/wp-content\/uploads\/2021\/06\/Recuperacion-de-espacios-publicos-11.jpg\" alt=\"\" class=\"wp-image-346175\" srcset=\"https:\/\/primermomento.com\/wp-content\/uploads\/2021\/06\/Recuperacion-de-espacios-publicos-11.jpg 676w, https:\/\/primermomento.com\/wp-content\/uploads\/2021\/06\/Recuperacion-de-espacios-publicos-11-300x200.jpg 300w, https:\/\/primermomento.com\/wp-content\/uploads\/2021\/06\/Recuperacion-de-espacios-publicos-11-73x50.jpg 73w, https:\/\/primermomento.com\/wp-content\/uploads\/2021\/06\/Recuperacion-de-espacios-publicos-11-500x334.jpg 500w, https:\/\/primermomento.com\/wp-content\/uploads\/2021\/06\/Recuperacion-de-espacios-publicos-11-280x187.jpg 280w, https:\/\/primermomento.com\/wp-content\/uploads\/2021\/06\/Recuperacion-de-espacios-publicos-11-60x40.jpg 60w, https:\/\/primermomento.com\/wp-content\/uploads\/2021\/06\/Recuperacion-de-espacios-publicos-11-638x426.jpg 638w, https:\/\/primermomento.com\/wp-content\/uploads\/2021\/06\/Recuperacion-de-espacios-publicos-11-118x79.jpg 118w, https:\/\/primermomento.com\/wp-content\/uploads\/2021\/06\/Recuperacion-de-espacios-publicos-11-479x320.jpg 479w\" sizes=\"auto, (max-width: 676px) 100vw, 676px\" \/><\/figure><\/div>\n\n\n\n<p>Los lugares intervenidos, esta vez, fueron la calle Manolo Tavares Justo, detr\u00e1s del liceo Francisco Gregorio Billini, sector 19 de Marzo, donde opera un taller de balaustres de concreto, el cual se le hab\u00eda notificado varias veces a su propietario pero este no hab\u00eda acatado la orden municipal.<\/p>\n\n\n\n<p>Este negocio a pesar de no contar con permiso del Ayuntamiento, su propietario coloca las herramientas de trabajo en las aceras obstaculizando el libre paso del peat\u00f3n y arroja gran cantidad de desechos y escombros en el \u00e1rea verde, las que fueron retiradas por un equipo de trabajo del cabildo con la ayuda de una pala mec\u00e1nica.<\/p>\n\n\n\n<p>Mientras que en las calles Gast\u00f3n F. Deligne y Mella, se orden\u00f3 el retiro de materiales de construcci\u00f3n que ocupaban las aceras. Los mismos fueron llevados a Transportaci\u00f3n para que el propietario pase a retirarlos.<\/p>\n\n\n\n<p>Los trabajos fueron realizados por colaboradores de Planeamiento Urbano que se hicieron acompa\u00f1ar de la encargada de fiscalizaci\u00f3n y seguimiento de obras, Paloma Franjul, Niurkis Herrera, y del supervisor de obras, Ram\u00f3n Aquino e inspectores de esa oficina, que se aseguraron de que las labores efectuadas se realizaran dentro del marco legal.<\/p>\n","protected":false},"excerpt":{"rendered":"<p>BAN\u013a, Rep\u00fablica Dominicana.- El departamento de Planeamiento Urbano del Ayuntamiento de Ban\u00ed, contin\u00faa su misi\u00f3n de recuperar los espacios p\u00fablicos del municipio con el prop\u00f3sito de habilitar sitios en situaci\u00f3n de marginalidad, y de esta forma facilitar la interacci\u00f3n social de los ciudadanos para lo cual est\u00e1n destinados, al tiempo de contribuir con la descontaminaci\u00f3n [&hellip;]<\/p>\n","protected":false},"author":1,"featured_media":0,"comment_status":"open","ping_status":"open","sticky":false,"template":"","format":"standard","meta":{"_bbp_topic_count":0,"_bbp_reply_count":0,"_bbp_total_topic_count":0,"_bbp_total_reply_count":0,"_bbp_voice_count":0,"_bbp_anonymous_reply_count":0,"_bbp_topic_count_hidden":0,"_bbp_reply_count_hidden":0,"_bbp_forum_subforum_count":0,"footnotes":""},"categories":[60,32],"tags":[],"class_list":{"0":"post-346174","1":"post","2":"type-post","3":"status-publish","4":"format-standard","6":"category-titulares-del-dia","7":"category-lo-ultimo"},"_links":{"self":[{"href":"https:\/\/primermomento.com\/index.php?rest_route=\/wp\/v2\/posts\/346174","targetHints":{"allow":["GET"]}}],"collection":[{"href":"https:\/\/primermomento.com\/index.php?rest_route=\/wp\/v2\/posts"}],"about":[{"href":"https:\/\/primermomento.com\/index.php?rest_route=\/wp\/v2\/types\/post"}],"author":[{"embeddable":true,"href":"https:\/\/primermomento.com\/index.php?rest_route=\/wp\/v2\/users\/1"}],"replies":[{"embeddable":true,"href":"https:\/\/primermomento.com\/index.php?rest_route=%2Fwp%2Fv2%2Fcomments&post=346174"}],"version-history":[{"count":2,"href":"https:\/\/primermomento.com\/index.php?rest_route=\/wp\/v2\/posts\/346174\/revisions"}],"predecessor-version":[{"id":346177,"href":"https:\/\/primermomento.com\/index.php?rest_route=\/wp\/v2\/posts\/346174\/revisions\/346177"}],"wp:attachment":[{"href":"https:\/\/primermomento.com\/index.php?rest_route=%2Fwp%2Fv2%2Fmedia&parent=346174"}],"wp:term":[{"taxonomy":"category","embeddable":true,"href":"https:\/\/primermomento.com\/index.php?rest_route=%2Fwp%2Fv2%2Fcategories&post=346174"},{"taxonomy":"post_tag","embeddable":true,"href":"https:\/\/primermomento.com\/index.php?rest_route=%2Fwp%2Fv2%2Ftags&post=346174"}],"curies":[{"name":"wp","href":"https:\/\/api.w.org\/{rel}","templated":true}]}}