{"id":346178,"date":"2021-06-16T15:47:13","date_gmt":"2021-06-16T19:47:13","guid":{"rendered":"http:\/\/primermomento.com\/?p=346178"},"modified":"2021-06-16T15:48:40","modified_gmt":"2021-06-16T19:48:40","slug":"biden-viaja-de-regreso-a-eeuu-tras-reunion-con-putin","status":"publish","type":"post","link":"https:\/\/primermomento.com\/?p=346178","title":{"rendered":"Biden viaja de regreso a EEUU desde Ginebra tras reuni\u00f3n con Putin"},"content":{"rendered":"\n<p>SANTO DOMINGO, Rep\u00fablica Dominicana.- El presidente de Estados Unidos, Joe Biden, emprendi\u00f3 hoy el viaje de regreso desde Ginebra, Suiza, a Washington DC, luego de su cumbre con el mandatario ruso, Vladimir Putin, calificada de forma positiva por ambos.<\/p>\n\n\n\n<div class=\"wp-block-image\"><figure class=\"alignleft size-large\"><img loading=\"lazy\" decoding=\"async\" width=\"420\" height=\"266\" src=\"http:\/\/primermomento.com\/wp-content\/uploads\/2021\/06\/regreso-biden.jpg\" alt=\"\" class=\"wp-image-346179\" srcset=\"https:\/\/primermomento.com\/wp-content\/uploads\/2021\/06\/regreso-biden.jpg 420w, https:\/\/primermomento.com\/wp-content\/uploads\/2021\/06\/regreso-biden-300x190.jpg 300w, https:\/\/primermomento.com\/wp-content\/uploads\/2021\/06\/regreso-biden-280x177.jpg 280w, https:\/\/primermomento.com\/wp-content\/uploads\/2021\/06\/regreso-biden-118x75.jpg 118w\" sizes=\"auto, (max-width: 420px) 100vw, 420px\" \/><\/figure><\/div>\n\n\n\n<p>Seg\u00fan reportes de la cadena televisiva CNN, Biden abord\u00f3 el Air Force para regresar a la naci\u00f3n norte\u00f1a, una vez concluida la primera reuni\u00f3n cara a cara entre los dos l\u00edderes.<\/p>\n\n\n\n<p>Como resultado de la cita, se acordaron iniciar consultas sobre ciberseguridad y abordar asuntos de car\u00e1cter diplom\u00e1tico.<\/p>\n\n\n\n<p>Medios estadounidenses destacan que este es el primer viaje de Biden al extranjero desde que asumi\u00f3 el cargo de presidente, en enero de este a\u00f1o.<\/p>\n\n\n\n<p>La cumbre, que originalmente se esperaba que durara entre cuatro y cinco horas, concluy\u00f3 en tres.<\/p>\n\n\n\n<p>Seg\u00fan dijo el mandatario norteamericano a la prensa en Ginebra, hay una perspectiva genuina de mejorar significativamente las relaciones entre Washington y Mosc\u00fa.<\/p>\n\n\n\n<p>Estados Unidos y Rusia emitieron un comunicado conjunto este mi\u00e9rcoles despu\u00e9s de la cumbre entre los dignatarios, el cual apunta que incluso en per\u00edodos de tensi\u00f3n, las dos naciones comparten objetivos de garantizar la previsibilidad en la esfera estrat\u00e9gica, reduciendo el riesgo de conflictos armados y la amenaza de una guerra nuclear.<\/p>\n\n\n\n<p>Analistas en temas internacionales coinciden en que es poco probable que la reuni\u00f3n de este mi\u00e9rcoles d\u00e9 lugar a un cambio de posiciones, aunque tambi\u00e9n consideran que lo principal es mantener el di\u00e1logo.<\/p>\n\n\n\n<p>Del encuentro a puertas cerradas no trascendieron detalles, pero medios locales e internacionales apuntan que la prioridad del di\u00e1logo fue el inter\u00e9s mutuo por aliviar las fuertes tensiones bilaterales y avanzar en posibles puntos de contacto con el fin de permitir el desarrollo de la comunicaci\u00f3n entre ambas naciones.<\/p>\n\n\n\n<p class=\"has-text-align-right\"><em>PL<\/em><\/p>\n","protected":false},"excerpt":{"rendered":"<p>SANTO DOMINGO, Rep\u00fablica Dominicana.- El presidente de Estados Unidos, Joe Biden, emprendi\u00f3 hoy el viaje de regreso desde Ginebra, Suiza, a Washington DC, luego de su cumbre con el mandatario ruso, Vladimir Putin, calificada de forma positiva por ambos. Seg\u00fan reportes de la cadena televisiva CNN, Biden abord\u00f3 el Air Force para regresar a la [&hellip;]<\/p>\n","protected":false},"author":1,"featured_media":0,"comment_status":"open","ping_status":"open","sticky":false,"template":"","format":"standard","meta":{"_bbp_topic_count":0,"_bbp_reply_count":0,"_bbp_total_topic_count":0,"_bbp_total_reply_count":0,"_bbp_voice_count":0,"_bbp_anonymous_reply_count":0,"_bbp_topic_count_hidden":0,"_bbp_reply_count_hidden":0,"_bbp_forum_subforum_count":0,"footnotes":""},"categories":[60,31],"tags":[],"class_list":{"0":"post-346178","1":"post","2":"type-post","3":"status-publish","4":"format-standard","6":"category-titulares-del-dia","7":"category-estados-unidos"},"_links":{"self":[{"href":"https:\/\/primermomento.com\/index.php?rest_route=\/wp\/v2\/posts\/346178","targetHints":{"allow":["GET"]}}],"collection":[{"href":"https:\/\/primermomento.com\/index.php?rest_route=\/wp\/v2\/posts"}],"about":[{"href":"https:\/\/primermomento.com\/index.php?rest_route=\/wp\/v2\/types\/post"}],"author":[{"embeddable":true,"href":"https:\/\/primermomento.com\/index.php?rest_route=\/wp\/v2\/users\/1"}],"replies":[{"embeddable":true,"href":"https:\/\/primermomento.com\/index.php?rest_route=%2Fwp%2Fv2%2Fcomments&post=346178"}],"version-history":[{"count":3,"href":"https:\/\/primermomento.com\/index.php?rest_route=\/wp\/v2\/posts\/346178\/revisions"}],"predecessor-version":[{"id":346182,"href":"https:\/\/primermomento.com\/index.php?rest_route=\/wp\/v2\/posts\/346178\/revisions\/346182"}],"wp:attachment":[{"href":"https:\/\/primermomento.com\/index.php?rest_route=%2Fwp%2Fv2%2Fmedia&parent=346178"}],"wp:term":[{"taxonomy":"category","embeddable":true,"href":"https:\/\/primermomento.com\/index.php?rest_route=%2Fwp%2Fv2%2Fcategories&post=346178"},{"taxonomy":"post_tag","embeddable":true,"href":"https:\/\/primermomento.com\/index.php?rest_route=%2Fwp%2Fv2%2Ftags&post=346178"}],"curies":[{"name":"wp","href":"https:\/\/api.w.org\/{rel}","templated":true}]}}