{"id":346188,"date":"2021-06-16T06:58:00","date_gmt":"2021-06-16T10:58:00","guid":{"rendered":"http:\/\/primermomento.com\/?p=346188"},"modified":"2021-06-16T16:00:34","modified_gmt":"2021-06-16T20:00:34","slug":"agora-peru-y-la-izquierda-que-triunfa","status":"publish","type":"post","link":"https:\/\/primermomento.com\/?p=346188","title":{"rendered":"\u00c1GORA | Per\u00fa y la izquierda que triunfa"},"content":{"rendered":"\n<p>El destacado soci\u00f3logo C\u00e1ndido Mercedes me sugiri\u00f3 que abordase el tema de la elecci\u00f3n Pedro Castillo como presidente de Per\u00fa, a pesar de su discreto perfil, y que comparase el grado de conciencia de la sociedad peruana con la que tenemos nosotros. Le dije que no, por razones que le expliqu\u00e9, pero su sugerencia fue como esos gusanillos que obligan a uno a intentar sac\u00e1rselos de la cabeza. En ese tenor, aprovecho la sugerencia del dilecto amigo y colega para tocar algunas cuestiones sobre porqu\u00e9 y d\u00f3nde se producen triunfos de la izquierda de esta regi\u00f3n. Adem\u00e1s, insistir en la cr\u00edtica al car\u00e1cter impol\u00edtico de cierta izquierda de nuestro pa\u00eds y las consecuencias de su sesgada lectura de los procesos pol\u00edticos en Am\u00e9rica Latina.<\/p>\n\n\n\n<div class=\"wp-block-image\"><figure class=\"alignleft size-large\"><img loading=\"lazy\" decoding=\"async\" width=\"200\" height=\"133\" src=\"http:\/\/primermomento.com\/wp-content\/uploads\/2016\/08\/Cesar-Perez-e1544643175836.jpg\" alt=\"\" class=\"wp-image-280305\"\/><\/figure><\/div>\n\n\n\n<p>El triunfo de Pedro Castillo alegra a todo aquel que cree e impulsa el derecho a la participaci\u00f3n y representaci\u00f3n que, en esencia, constituye la base de la opci\u00f3n personal y social del hoy presidente de Per\u00fa. Por sus condiciones \u00e9tnica\/sociales, y sus posiciones de izquierda en cuestiones importantes, fue frontalmente combatido por sectores clasistas y racistas dentro y fuera de su pa\u00eds. Sin embargo, triunf\u00f3 y con \u00e9l las posiciones contra toda expresi\u00f3n de intolerancia y exclusi\u00f3n. Esto, adem\u00e1s de satisfacci\u00f3n, motiva una reflexi\u00f3n sobre las razones \u00faltimas que hicieron posible la victoria de Castillo y el acceso de otros candidatos de izquierda a diversas instancias del poder en otros pa\u00edses de la regi\u00f3n. La clave de estas conquistas radica en sus historias de luchas sociales y pol\u00edticas.<\/p>\n\n\n\n<p>En Per\u00fa, esa historia se inicia con Tupac Amaruc que encabez\u00f3 la rebeli\u00f3n ind\u00edgena contra los colonizadores, de los movimientos indigenistas, la reforma agraria de Velazco Alvarado, los movimientos sociales y vivienditas que han logrado alcald\u00edas en varias ciudades, incluyendo Lima. Los \u00e9xitos de la izquierda brasile\u00f1a, son frutos de sostenidas luchas de los trabajadores, de guerrillas contra dictaduras militares, de conquistas de espacios urbanos, como ese largo proceso concertaci\u00f3n social que hizo de Curitiba una ciudad referencia mundial. Santiago de Chile tiene hoy una alcaldesa dirigente del Partido Comunista Chileno, uno de los pocos partidos comunistas a nivel mundial con profundas ra\u00edces en la cultura, en sentido lato, de sus sociedades.<\/p>\n\n\n\n<p>Experiencias similares tiene la izquierda boliviana, la uruguaya y en menor medida la argentina, las cuales han contribuido que en estos pa\u00edses se haya creado no s\u00f3lo una significativa conciencia pol\u00edtica, sino un fortalecimiento de la identidad nacional, hacen pol\u00edtica, y est\u00e1n insertas en las instituciones del sistema donde se toman las decisiones. Por diversas razones, esa no es la experiencia de nuestra izquierda, \u00e9sta, a pesar de su importante aporte al clima de relativa libertad alcanzado por esta sociedad, se mantiene pr\u00e1cticamente ausente en las instancias decisorias del sistema. Debido, b\u00e1sicamente, a sus limitaciones para comprender c\u00f3mo hacer pol\u00edtica en el marco de la democracia.<\/p>\n\n\n\n<p>Otro lastre de la generalidad de nuestra izquierda, es su inveterada propensi\u00f3n a dividirse, al desacuerdo en cuestiones de simple sentido com\u00fan, al tremendismo verbal, el agravio y la descalificaci\u00f3n como recursos argumentales de discusi\u00f3n casi \u00fanicos. Una l\u00e1stima, pues pocas sociedades son tan socialmente desiguales, pocas tienen una clase dominante tan conservadora social y pol\u00edticamente como esta. Ese conservadurismo social, de clases o clasistas es tan cultural y pol\u00edticamente profundo que, parad\u00f3jicamente, son identificables en ciertas expresiones de determinados grupos o individualidades que se reclaman de izquierda al referirse a determinadas colectividades o personas de izquierda percibidos como adversarios.<\/p>\n\n\n\n<p>Aqu\u00ed, la existencia de una izquierda social, adem\u00e1s de pol\u00edtica, es en extremo necesaria para poder llevar hasta su m\u00e1s m\u00ednima expresi\u00f3n las actitudes y posiciones conservadoras en la sociedad que corroe los cimientos de la naci\u00f3n. En otros pa\u00edses de la regi\u00f3n, sobre todo en los arriba citados, las diversas luchas sociales han ampliado los m\u00e1rgenes de maniobras para limitar el da\u00f1o que ocasiona a sus sociedades el atraso de sus clases dominantes y por eso, por momentos, se dan casos como ese triunfo de Castillo, en que fue determinante la alianza entre Pedro Castillo y Ver\u00f3nika Menoza, una brillante y culta represente de una franja de la izquierda peruana.<\/p>\n\n\n\n<p>Esa alianza\/unidad no cay\u00f3 del cielo, es fruto de un rico sedimento producido por una historia conquistas sociales y pol\u00edticas y por una sostenida demanda de inclusi\u00f3n social sin importar or\u00edgenes \u00e9tnicos, sociales o religiosos. Es esta una de las lecciones que podemos extraer del acceso al poder de un maestro de escuela, de humilde origen rural y que construy\u00f3 su casa con sus propias manos. Eso es importante, pero lo m\u00e1s importante es saber s\u00f3lo con una pluralidad de manos es como se pueden construir sociedades realmente inclusivas. Verdaderamente democr\u00e1ticas.<\/p>\n\n\n\n<p class=\"has-text-align-right\">C\u00e9sar P\u00e9rez<br><em>Soci\u00f3logo<\/em><\/p>\n","protected":false},"excerpt":{"rendered":"<p>El destacado soci\u00f3logo C\u00e1ndido Mercedes me sugiri\u00f3 que abordase el tema de la elecci\u00f3n Pedro Castillo como presidente de Per\u00fa, a pesar de su discreto perfil, y que comparase el grado de conciencia de la sociedad peruana con la que tenemos nosotros. Le dije que no, por razones que le expliqu\u00e9, pero su sugerencia fue [&hellip;]<\/p>\n","protected":false},"author":1,"featured_media":0,"comment_status":"open","ping_status":"open","sticky":false,"template":"","format":"standard","meta":{"_bbp_topic_count":0,"_bbp_reply_count":0,"_bbp_total_topic_count":0,"_bbp_total_reply_count":0,"_bbp_voice_count":0,"_bbp_anonymous_reply_count":0,"_bbp_topic_count_hidden":0,"_bbp_reply_count_hidden":0,"_bbp_forum_subforum_count":0,"footnotes":""},"categories":[33],"tags":[],"class_list":{"0":"post-346188","1":"post","2":"type-post","3":"status-publish","4":"format-standard","6":"category-opinion"},"_links":{"self":[{"href":"https:\/\/primermomento.com\/index.php?rest_route=\/wp\/v2\/posts\/346188","targetHints":{"allow":["GET"]}}],"collection":[{"href":"https:\/\/primermomento.com\/index.php?rest_route=\/wp\/v2\/posts"}],"about":[{"href":"https:\/\/primermomento.com\/index.php?rest_route=\/wp\/v2\/types\/post"}],"author":[{"embeddable":true,"href":"https:\/\/primermomento.com\/index.php?rest_route=\/wp\/v2\/users\/1"}],"replies":[{"embeddable":true,"href":"https:\/\/primermomento.com\/index.php?rest_route=%2Fwp%2Fv2%2Fcomments&post=346188"}],"version-history":[{"count":1,"href":"https:\/\/primermomento.com\/index.php?rest_route=\/wp\/v2\/posts\/346188\/revisions"}],"predecessor-version":[{"id":346189,"href":"https:\/\/primermomento.com\/index.php?rest_route=\/wp\/v2\/posts\/346188\/revisions\/346189"}],"wp:attachment":[{"href":"https:\/\/primermomento.com\/index.php?rest_route=%2Fwp%2Fv2%2Fmedia&parent=346188"}],"wp:term":[{"taxonomy":"category","embeddable":true,"href":"https:\/\/primermomento.com\/index.php?rest_route=%2Fwp%2Fv2%2Fcategories&post=346188"},{"taxonomy":"post_tag","embeddable":true,"href":"https:\/\/primermomento.com\/index.php?rest_route=%2Fwp%2Fv2%2Ftags&post=346188"}],"curies":[{"name":"wp","href":"https:\/\/api.w.org\/{rel}","templated":true}]}}