{"id":346194,"date":"2021-06-16T08:39:00","date_gmt":"2021-06-16T12:39:00","guid":{"rendered":"http:\/\/primermomento.com\/?p=346194"},"modified":"2021-06-16T19:44:36","modified_gmt":"2021-06-16T23:44:36","slug":"los-marlins-construyen-centro-de-beisbol-en-boca-chica","status":"publish","type":"post","link":"https:\/\/primermomento.com\/?p=346194","title":{"rendered":"Los Marlins construyen Centro de B\u00e9isbol en Boca Chica"},"content":{"rendered":"\n<p>BOCA CHICA, Rep\u00fablica Dominicana.- El presidente Luis Abinader asisti\u00f3 este mi\u00e9rcoles al acto del primer palazo para la construcci\u00f3n de un Centro de Educaci\u00f3n y Formaci\u00f3n de B\u00e9isbol de los Marlins de la Florida.<\/p>\n\n\n\n<div class=\"wp-block-image\"><figure class=\"aligncenter size-large\"><img loading=\"lazy\" decoding=\"async\" width=\"687\" height=\"387\" src=\"http:\/\/primermomento.com\/wp-content\/uploads\/2021\/06\/abinader-y-los-marlins1.jpg\" alt=\"\" class=\"wp-image-346195\" srcset=\"https:\/\/primermomento.com\/wp-content\/uploads\/2021\/06\/abinader-y-los-marlins1.jpg 687w, https:\/\/primermomento.com\/wp-content\/uploads\/2021\/06\/abinader-y-los-marlins1-300x169.jpg 300w, https:\/\/primermomento.com\/wp-content\/uploads\/2021\/06\/abinader-y-los-marlins1-478x270.jpg 478w, https:\/\/primermomento.com\/wp-content\/uploads\/2021\/06\/abinader-y-los-marlins1-500x282.jpg 500w, https:\/\/primermomento.com\/wp-content\/uploads\/2021\/06\/abinader-y-los-marlins1-280x158.jpg 280w, https:\/\/primermomento.com\/wp-content\/uploads\/2021\/06\/abinader-y-los-marlins1-638x359.jpg 638w, https:\/\/primermomento.com\/wp-content\/uploads\/2021\/06\/abinader-y-los-marlins1-118x66.jpg 118w, https:\/\/primermomento.com\/wp-content\/uploads\/2021\/06\/abinader-y-los-marlins1-479x270.jpg 479w\" sizes=\"auto, (max-width: 687px) 100vw, 687px\" \/><\/figure><\/div>\n\n\n\n<p>El complejo deportivo ser\u00e1 construido con una inversi\u00f3n privada inicial de aproximadamente doce millones quinientos mil d\u00f3lares.<\/p>\n\n\n\n<p>Para dejar iniciada la obra, que busca lograr el desarrollo deportivo y educativo de los j\u00f3venes, vino al pa\u00eds el exjugador de Grandes Ligas y miembro del Sal\u00f3n de la Fama, Derek Jeter, quien es el presidente del equipo, y junto a \u00e9l, Kim NG, gerente general. Ambos conversaron ampliamente con el presidente Abinader sobre los planes del equipo y las facilidades que les ofrece el gobierno dominicano.<\/p>\n\n\n\n<p>Tambi\u00e9n resaltaron que en este complejo se formar\u00e1n prospectos para ser firmados para jugar en el b\u00e9isbol organizado.<\/p>\n\n\n\n<p>Adem\u00e1s del impacto econ\u00f3mico y laboral en el \u00e1rea a partir del inicio de las operaciones de este centro, la inversi\u00f3n es un testimonio del buen clima de inversi\u00f3n en la Rep\u00fablica Dominicana y del talento nativo que se establece en las Ligas Mayores.<\/p>\n\n\n\n<p>A su llegada al lugar donde se levantar\u00e1 el complejo deportivo, el mandatario fue recibido por el propio Jeter, presidente de los Marlins de La Florida, y la gerente general, Kim Ng.<\/p>\n\n\n\n<p>Acompa\u00f1aron al presidente Abinader el ministro de Deportes, Francisco Jos\u00e9 Camacho Rivas y el alcalde de Boca Chica, Ferm\u00edn Brito.<\/p>\n\n\n\n<p>A la actividad tambi\u00e9n asistieron seis de los principales prospectos de diferentes naciones reclutados por el equipo y otras personalidades del \u00e1mbito deportivo nacional e internacional, como el viceministro de la Presidencia, Alberto Rodr\u00edguez y el comisionado Nacional de B\u00e9isbol Profesional, Junior Noboa.<\/p>\n","protected":false},"excerpt":{"rendered":"<p>BOCA CHICA, Rep\u00fablica Dominicana.- El presidente Luis Abinader asisti\u00f3 este mi\u00e9rcoles al acto del primer palazo para la construcci\u00f3n de un Centro de Educaci\u00f3n y Formaci\u00f3n de B\u00e9isbol de los Marlins de la Florida. El complejo deportivo ser\u00e1 construido con una inversi\u00f3n privada inicial de aproximadamente doce millones quinientos mil d\u00f3lares. Para dejar iniciada la [&hellip;]<\/p>\n","protected":false},"author":1,"featured_media":0,"comment_status":"open","ping_status":"open","sticky":false,"template":"","format":"standard","meta":{"_bbp_topic_count":0,"_bbp_reply_count":0,"_bbp_total_topic_count":0,"_bbp_total_reply_count":0,"_bbp_voice_count":0,"_bbp_anonymous_reply_count":0,"_bbp_topic_count_hidden":0,"_bbp_reply_count_hidden":0,"_bbp_forum_subforum_count":0,"footnotes":""},"categories":[42,60],"tags":[],"class_list":{"0":"post-346194","1":"post","2":"type-post","3":"status-publish","4":"format-standard","6":"category-deportes","7":"category-titulares-del-dia"},"_links":{"self":[{"href":"https:\/\/primermomento.com\/index.php?rest_route=\/wp\/v2\/posts\/346194","targetHints":{"allow":["GET"]}}],"collection":[{"href":"https:\/\/primermomento.com\/index.php?rest_route=\/wp\/v2\/posts"}],"about":[{"href":"https:\/\/primermomento.com\/index.php?rest_route=\/wp\/v2\/types\/post"}],"author":[{"embeddable":true,"href":"https:\/\/primermomento.com\/index.php?rest_route=\/wp\/v2\/users\/1"}],"replies":[{"embeddable":true,"href":"https:\/\/primermomento.com\/index.php?rest_route=%2Fwp%2Fv2%2Fcomments&post=346194"}],"version-history":[{"count":1,"href":"https:\/\/primermomento.com\/index.php?rest_route=\/wp\/v2\/posts\/346194\/revisions"}],"predecessor-version":[{"id":346196,"href":"https:\/\/primermomento.com\/index.php?rest_route=\/wp\/v2\/posts\/346194\/revisions\/346196"}],"wp:attachment":[{"href":"https:\/\/primermomento.com\/index.php?rest_route=%2Fwp%2Fv2%2Fmedia&parent=346194"}],"wp:term":[{"taxonomy":"category","embeddable":true,"href":"https:\/\/primermomento.com\/index.php?rest_route=%2Fwp%2Fv2%2Fcategories&post=346194"},{"taxonomy":"post_tag","embeddable":true,"href":"https:\/\/primermomento.com\/index.php?rest_route=%2Fwp%2Fv2%2Ftags&post=346194"}],"curies":[{"name":"wp","href":"https:\/\/api.w.org\/{rel}","templated":true}]}}