{"id":346197,"date":"2021-06-16T19:48:14","date_gmt":"2021-06-16T23:48:14","guid":{"rendered":"http:\/\/primermomento.com\/?p=346197"},"modified":"2021-06-16T19:48:15","modified_gmt":"2021-06-16T23:48:15","slug":"solicitan-a-danilo-medina-renuncie-a-inmunidad-en-parlacen","status":"publish","type":"post","link":"https:\/\/primermomento.com\/?p=346197","title":{"rendered":"Solicitan a Danilo Medina renuncie a inmunidad en Parlacen"},"content":{"rendered":"\n<p>SANTO DOMINGO, Rep\u00fablica Dominicana.- El partido dominicano Frente Amplio (FA) solicit\u00f3 hoy al Parlamento Centroamericano (Parlacen) que llame al expresidente Danilo Medina, a renunciar de manera voluntaria a la inmunidad otorgada por esa entidad.<\/p>\n\n\n\n<div class=\"wp-block-image\"><figure class=\"aligncenter size-large\"><img loading=\"lazy\" decoding=\"async\" width=\"639\" height=\"355\" src=\"http:\/\/primermomento.com\/wp-content\/uploads\/2020\/03\/danilo-medina-discurso1.png\" alt=\"\" class=\"wp-image-326705\" srcset=\"https:\/\/primermomento.com\/wp-content\/uploads\/2020\/03\/danilo-medina-discurso1.png 639w, https:\/\/primermomento.com\/wp-content\/uploads\/2020\/03\/danilo-medina-discurso1-300x167.png 300w, https:\/\/primermomento.com\/wp-content\/uploads\/2020\/03\/danilo-medina-discurso1-216x120.png 216w, https:\/\/primermomento.com\/wp-content\/uploads\/2020\/03\/danilo-medina-discurso1-500x278.png 500w, https:\/\/primermomento.com\/wp-content\/uploads\/2020\/03\/danilo-medina-discurso1-280x156.png 280w, https:\/\/primermomento.com\/wp-content\/uploads\/2020\/03\/danilo-medina-discurso1-118x66.png 118w, https:\/\/primermomento.com\/wp-content\/uploads\/2020\/03\/danilo-medina-discurso1-479x266.png 479w\" sizes=\"auto, (max-width: 639px) 100vw, 639px\" \/><figcaption><em>Danilo Medina<\/em><\/figcaption><\/figure><\/div>\n\n\n\n<p>El diputado del FA Juan Dionicio Restituyo argument\u00f3 que la mencionada inmunidad impide el exmandatario pueda ser investigado y &#8216;sometido&#8217; ante la justicia.<\/p>\n\n\n\n<p>&#8216;\u00c9l (Medina) no puede ser investigado porque tiene esa situaci\u00f3n de inmunidad y recientemente fueron vinculados por corrupci\u00f3n personas muy cercanas, incluyendo a familiares del expresidente, entonces no es posible que est\u00e9 sustra\u00eddo de este proceso&#8217;, agreg\u00f3.<\/p>\n\n\n\n<p>Asimismo, precis\u00f3 que en la situaci\u00f3n actual, Medina tiene jurisdicci\u00f3n privilegiada, por lo tanto &#8216;removi\u00e9ndole su inmunidad podr\u00eda investigarse y ser juzgado como todos los dem\u00e1s&#8217;.<\/p>\n\n\n\n<p>No es posible, dijo, que toda la gente de una casa est\u00e9n acusados de corrupci\u00f3n y el jefe de ella no sepa nada.<\/p>\n\n\n\n<p>Este mi\u00e9rcoles el partido tambi\u00e9n deposit\u00f3 una &#8216;querella de pueblo&#8217; en la Procuradur\u00eda General de la Rep\u00fablica, &#8216;a los fines de incorporarse a los procesos penales seguidos a los exfuncionarios sometidos por actos de corrupci\u00f3n&#8217;.<\/p>\n\n\n\n<p>Los legisladores indicaron que con esa acci\u00f3n buscan auspiciar la intervenci\u00f3n popular en los procesos penales seguidos a servidores p\u00fablicos por cargos de prevaricaci\u00f3n.<\/p>\n\n\n\n<p class=\"has-text-align-right\"><em>PL<\/em><\/p>\n","protected":false},"excerpt":{"rendered":"<p>SANTO DOMINGO, Rep\u00fablica Dominicana.- El partido dominicano Frente Amplio (FA) solicit\u00f3 hoy al Parlamento Centroamericano (Parlacen) que llame al expresidente Danilo Medina, a renunciar de manera voluntaria a la inmunidad otorgada por esa entidad. El diputado del FA Juan Dionicio Restituyo argument\u00f3 que la mencionada inmunidad impide el exmandatario pueda ser investigado y &#8216;sometido&#8217; ante [&hellip;]<\/p>\n","protected":false},"author":1,"featured_media":0,"comment_status":"open","ping_status":"open","sticky":false,"template":"","format":"standard","meta":{"_bbp_topic_count":0,"_bbp_reply_count":0,"_bbp_total_topic_count":0,"_bbp_total_reply_count":0,"_bbp_voice_count":0,"_bbp_anonymous_reply_count":0,"_bbp_topic_count_hidden":0,"_bbp_reply_count_hidden":0,"_bbp_forum_subforum_count":0,"footnotes":""},"categories":[30,60],"tags":[],"class_list":{"0":"post-346197","1":"post","2":"type-post","3":"status-publish","4":"format-standard","6":"category-actualidad","7":"category-titulares-del-dia"},"_links":{"self":[{"href":"https:\/\/primermomento.com\/index.php?rest_route=\/wp\/v2\/posts\/346197","targetHints":{"allow":["GET"]}}],"collection":[{"href":"https:\/\/primermomento.com\/index.php?rest_route=\/wp\/v2\/posts"}],"about":[{"href":"https:\/\/primermomento.com\/index.php?rest_route=\/wp\/v2\/types\/post"}],"author":[{"embeddable":true,"href":"https:\/\/primermomento.com\/index.php?rest_route=\/wp\/v2\/users\/1"}],"replies":[{"embeddable":true,"href":"https:\/\/primermomento.com\/index.php?rest_route=%2Fwp%2Fv2%2Fcomments&post=346197"}],"version-history":[{"count":1,"href":"https:\/\/primermomento.com\/index.php?rest_route=\/wp\/v2\/posts\/346197\/revisions"}],"predecessor-version":[{"id":346198,"href":"https:\/\/primermomento.com\/index.php?rest_route=\/wp\/v2\/posts\/346197\/revisions\/346198"}],"wp:attachment":[{"href":"https:\/\/primermomento.com\/index.php?rest_route=%2Fwp%2Fv2%2Fmedia&parent=346197"}],"wp:term":[{"taxonomy":"category","embeddable":true,"href":"https:\/\/primermomento.com\/index.php?rest_route=%2Fwp%2Fv2%2Fcategories&post=346197"},{"taxonomy":"post_tag","embeddable":true,"href":"https:\/\/primermomento.com\/index.php?rest_route=%2Fwp%2Fv2%2Ftags&post=346197"}],"curies":[{"name":"wp","href":"https:\/\/api.w.org\/{rel}","templated":true}]}}