{"id":346199,"date":"2021-06-17T13:54:45","date_gmt":"2021-06-17T17:54:45","guid":{"rendered":"http:\/\/primermomento.com\/?p=346199"},"modified":"2021-06-17T13:54:45","modified_gmt":"2021-06-17T17:54:45","slug":"sanders-endosa-a-reynoso-para-presidencia-condado-de-brooklyn","status":"publish","type":"post","link":"https:\/\/primermomento.com\/?p=346199","title":{"rendered":"Sanders endosa a Reynoso para presidencia condado de Brooklyn"},"content":{"rendered":"\n<p>\u00a0NUEVA YORK, EEUU.- El ex precandidato a la presidencia de los Estados Unidos y actual senador por el estado de Vermont, el dem\u00f3crata Bernie Sanders, endos\u00f3 al aspirante a la presidencia del condado de Brooklyn, el dominicano Antonio Reynoso.<\/p>\n\n\n\n<div class=\"wp-block-image\"><figure class=\"aligncenter size-large\"><img loading=\"lazy\" decoding=\"async\" width=\"736\" height=\"294\" src=\"http:\/\/primermomento.com\/wp-content\/uploads\/2021\/06\/Sanders-endosa-a-Reynoso-para-presidencia-condado-de-Brooklyn.jpg\" alt=\"\" class=\"wp-image-346200\" srcset=\"https:\/\/primermomento.com\/wp-content\/uploads\/2021\/06\/Sanders-endosa-a-Reynoso-para-presidencia-condado-de-Brooklyn.jpg 736w, https:\/\/primermomento.com\/wp-content\/uploads\/2021\/06\/Sanders-endosa-a-Reynoso-para-presidencia-condado-de-Brooklyn-300x120.jpg 300w, https:\/\/primermomento.com\/wp-content\/uploads\/2021\/06\/Sanders-endosa-a-Reynoso-para-presidencia-condado-de-Brooklyn-500x200.jpg 500w, https:\/\/primermomento.com\/wp-content\/uploads\/2021\/06\/Sanders-endosa-a-Reynoso-para-presidencia-condado-de-Brooklyn-280x112.jpg 280w, https:\/\/primermomento.com\/wp-content\/uploads\/2021\/06\/Sanders-endosa-a-Reynoso-para-presidencia-condado-de-Brooklyn-638x255.jpg 638w, https:\/\/primermomento.com\/wp-content\/uploads\/2021\/06\/Sanders-endosa-a-Reynoso-para-presidencia-condado-de-Brooklyn-118x47.jpg 118w, https:\/\/primermomento.com\/wp-content\/uploads\/2021\/06\/Sanders-endosa-a-Reynoso-para-presidencia-condado-de-Brooklyn-479x191.jpg 479w\" sizes=\"auto, (max-width: 736px) 100vw, 736px\" \/><\/figure><\/div>\n\n\n\n<p>Sanders llam\u00f3 a sus seguidores votar durante las primarias dem\u00f3cratas a celebrarse el pr\u00f3ximo d\u00eda 22 por Reynoso, expresa en su cuenta el carism\u00e1tico legislador estadounidense.<\/p>\n\n\n\n<p>Ya sea que se trate de la codicia corporativa o la desigualdad de ingresos, el senador Sanders es una voz audaz y sin disculpas, y nuestro movimiento por un Brooklyn para todos nosotros es m\u00e1s fuerte con \u00e9l en el equipo, respondi\u00f3 en su cuenta de Twitter Reynoso.<\/p>\n\n\n\n<p>Recientemente, cientos de votantes en documento de prensa, desde dicho condado han valorado el buen trabajo que ha venido desempe\u00f1ando el actual concejal por el Distrito 34, y est\u00e1n llamando a sus familiares, amigos y relacionados votar por \u00e9l en las primarias.<\/p>\n\n\n\n<p>Reiterando que el joven aspirante es un l\u00edder en los esfuerzos para abordar las disparidades socioecon\u00f3micas y raciales, mejorar nuestro proceso de uso de la tierra y aumentar el uso de alternativas de transporte.<\/p>\n\n\n\n<p>Entre sus propuestas municipales se encuentran poner fin a la \u201cviolencia policial y las pol\u00edticas racistas de la justicia penal\u201d, y ha trazado una l\u00ednea gruesa, de resultar favorecido con la mayor\u00eda de los votos: \u201creducir el papel del NYPD en las comunidades, evitando la vigilancia excesiva\u201d.<\/p>\n\n\n\n<p>Adem\u00e1s, empujar\u00eda \u201ctransferir los fondos del NYPD a otras agencias para el alcance de personas sin hogar, respuesta a crisis de salud mental y control del tr\u00e1fico\u201d.<\/p>\n\n\n\n<p>El aspirante propone que la congelaci\u00f3n de la renta debe continuar protegiendo a los inquilinos de desalojos innecesarios y se deben crear viviendas m\u00e1s asequibles utilizando el Ingreso medio del \u00e1rea (AIM) de un vecindario.<\/p>\n\n\n\n<p class=\"has-text-align-right\"><em>Ram\u00f3n Mercedes<\/em><\/p>\n","protected":false},"excerpt":{"rendered":"<p>\u00a0NUEVA YORK, EEUU.- El ex precandidato a la presidencia de los Estados Unidos y actual senador por el estado de Vermont, el dem\u00f3crata Bernie Sanders, endos\u00f3 al aspirante a la presidencia del condado de Brooklyn, el dominicano Antonio Reynoso. Sanders llam\u00f3 a sus seguidores votar durante las primarias dem\u00f3cratas a celebrarse el pr\u00f3ximo d\u00eda 22 [&hellip;]<\/p>\n","protected":false},"author":1,"featured_media":0,"comment_status":"open","ping_status":"open","sticky":false,"template":"","format":"standard","meta":{"_bbp_topic_count":0,"_bbp_reply_count":0,"_bbp_total_topic_count":0,"_bbp_total_reply_count":0,"_bbp_voice_count":0,"_bbp_anonymous_reply_count":0,"_bbp_topic_count_hidden":0,"_bbp_reply_count_hidden":0,"_bbp_forum_subforum_count":0,"footnotes":""},"categories":[60,31],"tags":[],"class_list":{"0":"post-346199","1":"post","2":"type-post","3":"status-publish","4":"format-standard","6":"category-titulares-del-dia","7":"category-estados-unidos"},"_links":{"self":[{"href":"https:\/\/primermomento.com\/index.php?rest_route=\/wp\/v2\/posts\/346199","targetHints":{"allow":["GET"]}}],"collection":[{"href":"https:\/\/primermomento.com\/index.php?rest_route=\/wp\/v2\/posts"}],"about":[{"href":"https:\/\/primermomento.com\/index.php?rest_route=\/wp\/v2\/types\/post"}],"author":[{"embeddable":true,"href":"https:\/\/primermomento.com\/index.php?rest_route=\/wp\/v2\/users\/1"}],"replies":[{"embeddable":true,"href":"https:\/\/primermomento.com\/index.php?rest_route=%2Fwp%2Fv2%2Fcomments&post=346199"}],"version-history":[{"count":1,"href":"https:\/\/primermomento.com\/index.php?rest_route=\/wp\/v2\/posts\/346199\/revisions"}],"predecessor-version":[{"id":346201,"href":"https:\/\/primermomento.com\/index.php?rest_route=\/wp\/v2\/posts\/346199\/revisions\/346201"}],"wp:attachment":[{"href":"https:\/\/primermomento.com\/index.php?rest_route=%2Fwp%2Fv2%2Fmedia&parent=346199"}],"wp:term":[{"taxonomy":"category","embeddable":true,"href":"https:\/\/primermomento.com\/index.php?rest_route=%2Fwp%2Fv2%2Fcategories&post=346199"},{"taxonomy":"post_tag","embeddable":true,"href":"https:\/\/primermomento.com\/index.php?rest_route=%2Fwp%2Fv2%2Ftags&post=346199"}],"curies":[{"name":"wp","href":"https:\/\/api.w.org\/{rel}","templated":true}]}}