{"id":346212,"date":"2021-06-17T14:43:00","date_gmt":"2021-06-17T18:43:00","guid":{"rendered":"http:\/\/primermomento.com\/?p=346212"},"modified":"2021-06-17T15:03:18","modified_gmt":"2021-06-17T19:03:18","slug":"recuerdan-116-anos-de-la-muerte-de-maximo-gomez","status":"publish","type":"post","link":"https:\/\/primermomento.com\/?p=346212","title":{"rendered":"BAN\u013a | Recuerdan 116 a\u00f1os de la muerte de M\u00e1ximo G\u00f3mez"},"content":{"rendered":"\n<p>BAN\u013a, Rep\u00fablica Dominicana.- Un grupo de dominicanos record\u00f3 hoy en Ban\u00ed, provincia Peravia, el fallecimiento hace 116 a\u00f1os del pr\u00f3cer independentista, M\u00e1ximo G\u00f3mez, considerado un ejemplo de internacionalismo.<\/p>\n\n\n\n<div class=\"wp-block-image\"><figure class=\"aligncenter size-large\"><img loading=\"lazy\" decoding=\"async\" width=\"748\" height=\"498\" src=\"http:\/\/primermomento.com\/wp-content\/uploads\/2021\/06\/muerte-maximo-gomez.jpg\" alt=\"\" class=\"wp-image-346213\" srcset=\"https:\/\/primermomento.com\/wp-content\/uploads\/2021\/06\/muerte-maximo-gomez.jpg 748w, https:\/\/primermomento.com\/wp-content\/uploads\/2021\/06\/muerte-maximo-gomez-300x200.jpg 300w, https:\/\/primermomento.com\/wp-content\/uploads\/2021\/06\/muerte-maximo-gomez-73x50.jpg 73w, https:\/\/primermomento.com\/wp-content\/uploads\/2021\/06\/muerte-maximo-gomez-500x333.jpg 500w, https:\/\/primermomento.com\/wp-content\/uploads\/2021\/06\/muerte-maximo-gomez-280x186.jpg 280w, https:\/\/primermomento.com\/wp-content\/uploads\/2021\/06\/muerte-maximo-gomez-60x40.jpg 60w, https:\/\/primermomento.com\/wp-content\/uploads\/2021\/06\/muerte-maximo-gomez-638x425.jpg 638w, https:\/\/primermomento.com\/wp-content\/uploads\/2021\/06\/muerte-maximo-gomez-118x79.jpg 118w, https:\/\/primermomento.com\/wp-content\/uploads\/2021\/06\/muerte-maximo-gomez-479x319.jpg 479w\" sizes=\"auto, (max-width: 748px) 100vw, 748px\" \/><\/figure><\/div>\n\n\n\n<p>En el acto efectuado en el parque que lleva su nombre en su ciudad natal, y guardando las medidas sanitarias establecidas para evitar la propagaci\u00f3n de la Covid-19, intervino el presidente de la Asociaci\u00f3n M\u00e1ximo G\u00f3mez, Yv\u00e1n Pe\u00f1a, quien destac\u00f3 la figura del gran banilejo &#8216;que dio glorias a su pueblo, al pa\u00eds y a Am\u00e9rica&#8217;.<\/p>\n\n\n\n<p>Hoy reitero en este lugar que G\u00f3mez es un referente \u00e9tico y moral, el cual siempre tuvo una conducta patri\u00f3tica intachable, valores los cuales no pueden perderse nunca, agreg\u00f3 Pe\u00f1a. Asimismo, dijo que el General\u00edsimo se convirti\u00f3 en el \u00faltimo libertador de Am\u00e9rica y uno de los genios militares de nuestras tierras.<\/p>\n\n\n\n<p>El bravo guerrero naci\u00f3 el 18 de noviembre de 1836 en este pa\u00eds, y en 1865 lleg\u00f3 a Cuba con su familia donde sum\u00f3 sus esfuerzos a la gesta independentista iniciada por Carlos Manuel de C\u00e9spedes el 10 de octubre de 1868 frente al coloniaje espa\u00f1ol.<\/p>\n\n\n\n<p>Su destreza como estratega militar qued\u00f3 demostrada tanto en la Guerra de los Diez A\u00f1os (1868-1878) como en la Guerra del 1895, cuando ocup\u00f3 las m\u00e1s altas responsabilidades dentro del Ej\u00e9rcito Libertador de Cuba.<\/p>\n\n\n\n<p>Cuentan que su sepelio fue el m\u00e1s grande visto en Cuba hasta ese momento; le tributaron las honras correspondientes a un presidente de la Rep\u00fablica y sus restos descansan hoy en la Necr\u00f3polis de Col\u00f3n, en La Habana.<\/p>\n\n\n\n<p>El l\u00edder hist\u00f3rico de la Revoluci\u00f3n cubana, Fidel Castro, lo consider\u00f3 un &#8216;cubano por derecho&#8217; dada su entrega de arrojo y valent\u00eda en las guerras mambisas por la liberaci\u00f3n de la mayor de las Antillas aun cuando era oriundo de Dominicana.<\/p>\n\n\n\n<p class=\"has-text-align-right\"><em>PL<\/em><\/p>\n","protected":false},"excerpt":{"rendered":"<p>BAN\u013a, Rep\u00fablica Dominicana.- Un grupo de dominicanos record\u00f3 hoy en Ban\u00ed, provincia Peravia, el fallecimiento hace 116 a\u00f1os del pr\u00f3cer independentista, M\u00e1ximo G\u00f3mez, considerado un ejemplo de internacionalismo. En el acto efectuado en el parque que lleva su nombre en su ciudad natal, y guardando las medidas sanitarias establecidas para evitar la propagaci\u00f3n de la [&hellip;]<\/p>\n","protected":false},"author":1,"featured_media":0,"comment_status":"open","ping_status":"open","sticky":false,"template":"","format":"standard","meta":{"_bbp_topic_count":0,"_bbp_reply_count":0,"_bbp_total_topic_count":0,"_bbp_total_reply_count":0,"_bbp_voice_count":0,"_bbp_anonymous_reply_count":0,"_bbp_topic_count_hidden":0,"_bbp_reply_count_hidden":0,"_bbp_forum_subforum_count":0,"footnotes":""},"categories":[30,60],"tags":[],"class_list":{"0":"post-346212","1":"post","2":"type-post","3":"status-publish","4":"format-standard","6":"category-actualidad","7":"category-titulares-del-dia"},"_links":{"self":[{"href":"https:\/\/primermomento.com\/index.php?rest_route=\/wp\/v2\/posts\/346212","targetHints":{"allow":["GET"]}}],"collection":[{"href":"https:\/\/primermomento.com\/index.php?rest_route=\/wp\/v2\/posts"}],"about":[{"href":"https:\/\/primermomento.com\/index.php?rest_route=\/wp\/v2\/types\/post"}],"author":[{"embeddable":true,"href":"https:\/\/primermomento.com\/index.php?rest_route=\/wp\/v2\/users\/1"}],"replies":[{"embeddable":true,"href":"https:\/\/primermomento.com\/index.php?rest_route=%2Fwp%2Fv2%2Fcomments&post=346212"}],"version-history":[{"count":2,"href":"https:\/\/primermomento.com\/index.php?rest_route=\/wp\/v2\/posts\/346212\/revisions"}],"predecessor-version":[{"id":346216,"href":"https:\/\/primermomento.com\/index.php?rest_route=\/wp\/v2\/posts\/346212\/revisions\/346216"}],"wp:attachment":[{"href":"https:\/\/primermomento.com\/index.php?rest_route=%2Fwp%2Fv2%2Fmedia&parent=346212"}],"wp:term":[{"taxonomy":"category","embeddable":true,"href":"https:\/\/primermomento.com\/index.php?rest_route=%2Fwp%2Fv2%2Fcategories&post=346212"},{"taxonomy":"post_tag","embeddable":true,"href":"https:\/\/primermomento.com\/index.php?rest_route=%2Fwp%2Fv2%2Ftags&post=346212"}],"curies":[{"name":"wp","href":"https:\/\/api.w.org\/{rel}","templated":true}]}}