{"id":346226,"date":"2021-06-17T14:31:21","date_gmt":"2021-06-17T18:31:21","guid":{"rendered":"http:\/\/primermomento.com\/?p=346226"},"modified":"2021-06-17T14:31:22","modified_gmt":"2021-06-17T18:31:22","slug":"oms-califica-de-preocupante-variante-de-sars-cov-2-conocida-como-c-37","status":"publish","type":"post","link":"https:\/\/primermomento.com\/?p=346226","title":{"rendered":"OMS califica de preocupante variante de SARS-CoV-2 conocida como c-37"},"content":{"rendered":"\n<p>\u00a0GINEBRA, Suiza.- La Organizaci\u00f3n Mundial de la Salud (OMS) calific\u00f3 de preocupante la variante del SARS-CoV-2 conocida como c-37, detectada por primera vez en Per\u00fa y presente hasta hoy en 29 pa\u00edses del mundo.<\/p>\n\n\n\n<div class=\"wp-block-image\"><figure class=\"aligncenter size-large\"><img loading=\"lazy\" decoding=\"async\" width=\"770\" height=\"420\" src=\"http:\/\/primermomento.com\/wp-content\/uploads\/2021\/06\/variante-covid19.jpg\" alt=\"\" class=\"wp-image-346227\" srcset=\"https:\/\/primermomento.com\/wp-content\/uploads\/2021\/06\/variante-covid19.jpg 770w, https:\/\/primermomento.com\/wp-content\/uploads\/2021\/06\/variante-covid19-300x164.jpg 300w, https:\/\/primermomento.com\/wp-content\/uploads\/2021\/06\/variante-covid19-768x419.jpg 768w, https:\/\/primermomento.com\/wp-content\/uploads\/2021\/06\/variante-covid19-500x273.jpg 500w, https:\/\/primermomento.com\/wp-content\/uploads\/2021\/06\/variante-covid19-280x153.jpg 280w, https:\/\/primermomento.com\/wp-content\/uploads\/2021\/06\/variante-covid19-638x348.jpg 638w, https:\/\/primermomento.com\/wp-content\/uploads\/2021\/06\/variante-covid19-118x64.jpg 118w, https:\/\/primermomento.com\/wp-content\/uploads\/2021\/06\/variante-covid19-479x261.jpg 479w\" sizes=\"auto, (max-width: 770px) 100vw, 770px\" \/><\/figure><\/div>\n\n\n\n<p>De acuerdo con el informe semanal de la entidad sanitaria, esta variaci\u00f3n del coronavirus, causante de la pandemia de Covid-19, ha sido nombrada como Lambda y fue calificada de inter\u00e9s, por su comportamiento en materia de alto poder de contagio.<\/p>\n\n\n\n<p>&#8216;Lambda porta una serie de mutaciones con sospechas de implicaciones fenot\u00edpicas, como un posible aumento de la transmisibilidad y de la resistencia a los anticuerpos neutralizantes&#8217;, puntualiza el texto.<\/p>\n\n\n\n<p>Dicho nombre est\u00e1 asociado a la reciente decisi\u00f3n de la OMS de atribuir letras griegas para designar las variantes sin estigmatizar a los pa\u00edses donde se detectan por primera vez.<\/p>\n\n\n\n<p>Por su parte, las autoridades de Per\u00fa refirieron que el 81 por ciento de los casos de Covid-19 secuenciados desde abril del 2021 est\u00e1n asociados con la c-37.<\/p>\n\n\n\n<p>En Argentina los contagios relacionados con la tambi\u00e9n conocida como variante andina representaron el 37 por ciento de los confirmados entre el 2 de abril y el 19 de mayo de este a\u00f1o, detall\u00f3 la OMS.<\/p>\n\n\n\n<p>&#8216;Situaci\u00f3n similar evidenci\u00f3 Chile, donde la prevalencia de Lambda aument\u00f3 con el tiempo, y representa el 32 por ciento de los notificados en los \u00faltimos 60 d\u00edas&#8217;, a\u00f1ade el comunicado.<\/p>\n\n\n\n<p>En la categor\u00eda de &#8216;variantes preocupantes&#8217; de la Organizaci\u00f3n Mundial de la Salud est\u00e1n las conocidas como las Alfa, Beta, Gama y Delta.<\/p>\n\n\n\n<p class=\"has-text-align-right\"><em>PL<\/em><\/p>\n","protected":false},"excerpt":{"rendered":"<p>\u00a0GINEBRA, Suiza.- La Organizaci\u00f3n Mundial de la Salud (OMS) calific\u00f3 de preocupante la variante del SARS-CoV-2 conocida como c-37, detectada por primera vez en Per\u00fa y presente hasta hoy en 29 pa\u00edses del mundo. De acuerdo con el informe semanal de la entidad sanitaria, esta variaci\u00f3n del coronavirus, causante de la pandemia de Covid-19, ha [&hellip;]<\/p>\n","protected":false},"author":1,"featured_media":0,"comment_status":"open","ping_status":"open","sticky":false,"template":"","format":"standard","meta":{"_bbp_topic_count":0,"_bbp_reply_count":0,"_bbp_total_topic_count":0,"_bbp_total_reply_count":0,"_bbp_voice_count":0,"_bbp_anonymous_reply_count":0,"_bbp_topic_count_hidden":0,"_bbp_reply_count_hidden":0,"_bbp_forum_subforum_count":0,"footnotes":""},"categories":[60,36],"tags":[],"class_list":{"0":"post-346226","1":"post","2":"type-post","3":"status-publish","4":"format-standard","6":"category-titulares-del-dia","7":"category-salud"},"_links":{"self":[{"href":"https:\/\/primermomento.com\/index.php?rest_route=\/wp\/v2\/posts\/346226","targetHints":{"allow":["GET"]}}],"collection":[{"href":"https:\/\/primermomento.com\/index.php?rest_route=\/wp\/v2\/posts"}],"about":[{"href":"https:\/\/primermomento.com\/index.php?rest_route=\/wp\/v2\/types\/post"}],"author":[{"embeddable":true,"href":"https:\/\/primermomento.com\/index.php?rest_route=\/wp\/v2\/users\/1"}],"replies":[{"embeddable":true,"href":"https:\/\/primermomento.com\/index.php?rest_route=%2Fwp%2Fv2%2Fcomments&post=346226"}],"version-history":[{"count":1,"href":"https:\/\/primermomento.com\/index.php?rest_route=\/wp\/v2\/posts\/346226\/revisions"}],"predecessor-version":[{"id":346228,"href":"https:\/\/primermomento.com\/index.php?rest_route=\/wp\/v2\/posts\/346226\/revisions\/346228"}],"wp:attachment":[{"href":"https:\/\/primermomento.com\/index.php?rest_route=%2Fwp%2Fv2%2Fmedia&parent=346226"}],"wp:term":[{"taxonomy":"category","embeddable":true,"href":"https:\/\/primermomento.com\/index.php?rest_route=%2Fwp%2Fv2%2Fcategories&post=346226"},{"taxonomy":"post_tag","embeddable":true,"href":"https:\/\/primermomento.com\/index.php?rest_route=%2Fwp%2Fv2%2Ftags&post=346226"}],"curies":[{"name":"wp","href":"https:\/\/api.w.org\/{rel}","templated":true}]}}