{"id":346229,"date":"2021-06-17T14:33:24","date_gmt":"2021-06-17T18:33:24","guid":{"rendered":"http:\/\/primermomento.com\/?p=346229"},"modified":"2021-06-17T14:33:25","modified_gmt":"2021-06-17T18:33:25","slug":"mayoria-de-rios-y-arroyos-desaparecen-gran-parte-del-ano","status":"publish","type":"post","link":"https:\/\/primermomento.com\/?p=346229","title":{"rendered":"Mayor\u00eda de r\u00edos y arroyos desaparecen gran parte del a\u00f1o"},"content":{"rendered":"\n<p>OTTAWA, Canad\u00e1.- Un estudio para cuantificar la distribuci\u00f3n mundial de r\u00edos y arroyos no perennes revel\u00f3 que del 51 al 60 por ciento dejan de fluir o se secan gran parte del a\u00f1o, se conoci\u00f3 hoy.<\/p>\n\n\n\n<div class=\"wp-block-image\"><figure class=\"aligncenter size-large\"><img loading=\"lazy\" decoding=\"async\" width=\"748\" height=\"498\" src=\"http:\/\/primermomento.com\/wp-content\/uploads\/2021\/06\/rios.jpg\" alt=\"\" class=\"wp-image-346230\" srcset=\"https:\/\/primermomento.com\/wp-content\/uploads\/2021\/06\/rios.jpg 748w, https:\/\/primermomento.com\/wp-content\/uploads\/2021\/06\/rios-300x200.jpg 300w, https:\/\/primermomento.com\/wp-content\/uploads\/2021\/06\/rios-73x50.jpg 73w, https:\/\/primermomento.com\/wp-content\/uploads\/2021\/06\/rios-500x333.jpg 500w, https:\/\/primermomento.com\/wp-content\/uploads\/2021\/06\/rios-280x186.jpg 280w, https:\/\/primermomento.com\/wp-content\/uploads\/2021\/06\/rios-60x40.jpg 60w, https:\/\/primermomento.com\/wp-content\/uploads\/2021\/06\/rios-638x425.jpg 638w, https:\/\/primermomento.com\/wp-content\/uploads\/2021\/06\/rios-118x79.jpg 118w, https:\/\/primermomento.com\/wp-content\/uploads\/2021\/06\/rios-479x319.jpg 479w\" sizes=\"auto, (max-width: 748px) 100vw, 748px\" \/><\/figure><\/div>\n\n\n\n<p>La pesquisa, primera de su tipo, fue realizada por expertos de la Universidad McGill, en Canad\u00e1, y el Instituto Nacional de Investigaciones para la Agricultura, la Alimentaci\u00f3n y el Medio Ambiente (Inrae), de Francia, publicada por la revista Nature.<\/p>\n\n\n\n<p>Precis\u00f3 el art\u00edculo que fue obtenida informaci\u00f3n crucial para evaluar futuros cambios en la intermitencia del caudal de los r\u00edos, determinar y supervisar su papel en los ciclos globales del agua y la bioqu\u00edmica, as\u00ed como en el apoyo a la diversidad biol\u00f3gica.<\/p>\n\n\n\n<p>Mathis Messager, primer autor del estudio y estudiante de doctorado en Geograf\u00eda en McGill y el Inrae, destac\u00f3 la importancia de esos ecosistemas porque albergan muchas especies adaptadas a los ciclos de presencia y ausencia del l\u00edquido.<\/p>\n\n\n\n<p>&#8216;Pueden proporcionar fuentes de agua y alimentos fundamentales para la poblaci\u00f3n y desempe\u00f1an un papel importante en el control de la calidad del agua. Pero la mayor\u00eda de las veces se gestionan mal o se excluyen por completo de las acciones de gesti\u00f3n y las leyes de conservaci\u00f3n, ya que simplemente se pasan por alto&#8217;, agreg\u00f3.<\/p>\n\n\n\n<p>Por su parte, Bernhard Lehner, profesor asociado del Departamento de Geograf\u00eda de la universidad canadiense y uno de los coautores del art\u00edculo, explic\u00f3 que en las pr\u00f3ximas d\u00e9cadas una proporci\u00f3n cada vez mayor de la red fluvial mundial dejar\u00e1 de fluir estacionalmente.<\/p>\n\n\n\n<p>Lehner confirm\u00f3 que muchos r\u00edos y arroyos antes perennes, incluidos tramos de r\u00edos como el Nilo, el Indo y el Colorado, se convirtieron en intermitentes en los \u00faltimos 50 a\u00f1os debido al cambio clim\u00e1tico, las transiciones en el uso del suelo o a la extracci\u00f3n temporal o permanente de agua para uso humano y agr\u00edcola.<\/p>\n\n\n\n<p>La investigaci\u00f3n comprob\u00f3 adem\u00e1s que los r\u00edos no perennes son m\u00e1s comunes en lugares \u00e1ridos (donde hay mucha m\u00e1s evaporaci\u00f3n que precipitaciones) y los afluentes m\u00e1s peque\u00f1os cuentan con un caudal m\u00e1s variable y con probabilidades de secarse.<\/p>\n\n\n\n<p>Tambi\u00e9n se dan en climas tropicales e incluso en el \u00c1rtico, donde esas corrientes de agua se congelan durante parte del a\u00f1o.<\/p>\n\n\n\n<p class=\"has-text-align-right\"><em>PL<\/em><\/p>\n","protected":false},"excerpt":{"rendered":"<p>OTTAWA, Canad\u00e1.- Un estudio para cuantificar la distribuci\u00f3n mundial de r\u00edos y arroyos no perennes revel\u00f3 que del 51 al 60 por ciento dejan de fluir o se secan gran parte del a\u00f1o, se conoci\u00f3 hoy. La pesquisa, primera de su tipo, fue realizada por expertos de la Universidad McGill, en Canad\u00e1, y el Instituto [&hellip;]<\/p>\n","protected":false},"author":1,"featured_media":0,"comment_status":"open","ping_status":"open","sticky":false,"template":"","format":"standard","meta":{"_bbp_topic_count":0,"_bbp_reply_count":0,"_bbp_total_topic_count":0,"_bbp_total_reply_count":0,"_bbp_voice_count":0,"_bbp_anonymous_reply_count":0,"_bbp_topic_count_hidden":0,"_bbp_reply_count_hidden":0,"_bbp_forum_subforum_count":0,"footnotes":""},"categories":[60,61],"tags":[],"class_list":{"0":"post-346229","1":"post","2":"type-post","3":"status-publish","4":"format-standard","6":"category-titulares-del-dia","7":"category-mundo"},"_links":{"self":[{"href":"https:\/\/primermomento.com\/index.php?rest_route=\/wp\/v2\/posts\/346229","targetHints":{"allow":["GET"]}}],"collection":[{"href":"https:\/\/primermomento.com\/index.php?rest_route=\/wp\/v2\/posts"}],"about":[{"href":"https:\/\/primermomento.com\/index.php?rest_route=\/wp\/v2\/types\/post"}],"author":[{"embeddable":true,"href":"https:\/\/primermomento.com\/index.php?rest_route=\/wp\/v2\/users\/1"}],"replies":[{"embeddable":true,"href":"https:\/\/primermomento.com\/index.php?rest_route=%2Fwp%2Fv2%2Fcomments&post=346229"}],"version-history":[{"count":1,"href":"https:\/\/primermomento.com\/index.php?rest_route=\/wp\/v2\/posts\/346229\/revisions"}],"predecessor-version":[{"id":346231,"href":"https:\/\/primermomento.com\/index.php?rest_route=\/wp\/v2\/posts\/346229\/revisions\/346231"}],"wp:attachment":[{"href":"https:\/\/primermomento.com\/index.php?rest_route=%2Fwp%2Fv2%2Fmedia&parent=346229"}],"wp:term":[{"taxonomy":"category","embeddable":true,"href":"https:\/\/primermomento.com\/index.php?rest_route=%2Fwp%2Fv2%2Fcategories&post=346229"},{"taxonomy":"post_tag","embeddable":true,"href":"https:\/\/primermomento.com\/index.php?rest_route=%2Fwp%2Fv2%2Ftags&post=346229"}],"curies":[{"name":"wp","href":"https:\/\/api.w.org\/{rel}","templated":true}]}}