{"id":346235,"date":"2021-06-17T14:45:33","date_gmt":"2021-06-17T18:45:33","guid":{"rendered":"http:\/\/primermomento.com\/?p=346235"},"modified":"2021-06-17T14:45:34","modified_gmt":"2021-06-17T18:45:34","slug":"banl-reparan-e-instalan-lamparas-en-sector-maria-carlita","status":"publish","type":"post","link":"https:\/\/primermomento.com\/?p=346235","title":{"rendered":"BAN\u013a | Reparan e instalan l\u00e1mparas en sector Mar\u00eda Carlita"},"content":{"rendered":"\n<p>BAN\u013a, Rep\u00fablica Dominicana.- Los residentes del sector Mar\u00eda Carlita manifestaron su satisfacci\u00f3n al recibir obreros del cabildo y empresas colaboradoras para repararles 10 l\u00e1mparas y colocarles 16 nuevas, trabajos que se efect\u00faan a trav\u00e9s del Presupuesto Participativo del Ayuntamiento de Ban\u00ed, modalidad que cuenta con el apoyo del alcalde Santo Ram\u00edrez y tiene como directora la vicealcaldesa Adriana Soto.<\/p>\n\n\n\n<div class=\"wp-block-image\"><figure class=\"aligncenter size-large\"><img loading=\"lazy\" decoding=\"async\" width=\"676\" height=\"451\" src=\"http:\/\/primermomento.com\/wp-content\/uploads\/2021\/06\/Lamparas-en-Maria-Carlita-11.jpg\" alt=\"\" class=\"wp-image-346236\" srcset=\"https:\/\/primermomento.com\/wp-content\/uploads\/2021\/06\/Lamparas-en-Maria-Carlita-11.jpg 676w, https:\/\/primermomento.com\/wp-content\/uploads\/2021\/06\/Lamparas-en-Maria-Carlita-11-300x200.jpg 300w, https:\/\/primermomento.com\/wp-content\/uploads\/2021\/06\/Lamparas-en-Maria-Carlita-11-73x50.jpg 73w, https:\/\/primermomento.com\/wp-content\/uploads\/2021\/06\/Lamparas-en-Maria-Carlita-11-500x334.jpg 500w, https:\/\/primermomento.com\/wp-content\/uploads\/2021\/06\/Lamparas-en-Maria-Carlita-11-280x187.jpg 280w, https:\/\/primermomento.com\/wp-content\/uploads\/2021\/06\/Lamparas-en-Maria-Carlita-11-60x40.jpg 60w, https:\/\/primermomento.com\/wp-content\/uploads\/2021\/06\/Lamparas-en-Maria-Carlita-11-638x426.jpg 638w, https:\/\/primermomento.com\/wp-content\/uploads\/2021\/06\/Lamparas-en-Maria-Carlita-11-118x79.jpg 118w, https:\/\/primermomento.com\/wp-content\/uploads\/2021\/06\/Lamparas-en-Maria-Carlita-11-479x320.jpg 479w\" sizes=\"auto, (max-width: 676px) 100vw, 676px\" \/><\/figure><\/div>\n\n\n\n<p>La funcionaria Soto, quien funge como enlace entre l\u00edderes comunitarios y la Alcald\u00eda, manifest\u00f3 que estos proyectos tienen como objetivo dar fiel cumplimiento a la ley 176-07 y al mismo tiempo responder a las demandas de la ciudadan\u00eda, en esta ocasi\u00f3n destac\u00f3 que reparan e instalan bombillas de tecnolog\u00eda LED para atender a la seguridad ciudadana.<\/p>\n\n\n\n<p>Muy contentos luc\u00edan los rostros de los habitantes de la referida zona, quienes mediante su Junta de VecinoS hicieron la petici\u00f3n de que sus v\u00edas de acceso fueran iluminadas, solicitud que se hizo realidad con la mano de obra del encargado de electrificaci\u00f3n del cabildo, Diego Soto, y el apoyo de la Empresa Distribuidora de Energ\u00eda El\u00e9ctrica del Sur, EDESUR, en la persona de su inspector Cristian Regalado.<\/p>\n\n\n\n<p>En esta localidad, adem\u00e1s, fue llevado se atendi\u00f3 la solicitud de los dirigentes comunitarios de laconstrucci\u00f3n de aceras y contenes, labores que ya finalizaron con \u00e9xito.<\/p>\n\n\n\n<p>Varias localidades han resultado favorecidas v\u00eda el PPM, con importantes y necesarias obras, que contribuyen a su desarrollo.<\/p>\n","protected":false},"excerpt":{"rendered":"<p>BAN\u013a, Rep\u00fablica Dominicana.- Los residentes del sector Mar\u00eda Carlita manifestaron su satisfacci\u00f3n al recibir obreros del cabildo y empresas colaboradoras para repararles 10 l\u00e1mparas y colocarles 16 nuevas, trabajos que se efect\u00faan a trav\u00e9s del Presupuesto Participativo del Ayuntamiento de Ban\u00ed, modalidad que cuenta con el apoyo del alcalde Santo Ram\u00edrez y tiene como directora [&hellip;]<\/p>\n","protected":false},"author":1,"featured_media":0,"comment_status":"open","ping_status":"open","sticky":false,"template":"","format":"standard","meta":{"_bbp_topic_count":0,"_bbp_reply_count":0,"_bbp_total_topic_count":0,"_bbp_total_reply_count":0,"_bbp_voice_count":0,"_bbp_anonymous_reply_count":0,"_bbp_topic_count_hidden":0,"_bbp_reply_count_hidden":0,"_bbp_forum_subforum_count":0,"footnotes":""},"categories":[30,60],"tags":[],"class_list":{"0":"post-346235","1":"post","2":"type-post","3":"status-publish","4":"format-standard","6":"category-actualidad","7":"category-titulares-del-dia"},"_links":{"self":[{"href":"https:\/\/primermomento.com\/index.php?rest_route=\/wp\/v2\/posts\/346235","targetHints":{"allow":["GET"]}}],"collection":[{"href":"https:\/\/primermomento.com\/index.php?rest_route=\/wp\/v2\/posts"}],"about":[{"href":"https:\/\/primermomento.com\/index.php?rest_route=\/wp\/v2\/types\/post"}],"author":[{"embeddable":true,"href":"https:\/\/primermomento.com\/index.php?rest_route=\/wp\/v2\/users\/1"}],"replies":[{"embeddable":true,"href":"https:\/\/primermomento.com\/index.php?rest_route=%2Fwp%2Fv2%2Fcomments&post=346235"}],"version-history":[{"count":1,"href":"https:\/\/primermomento.com\/index.php?rest_route=\/wp\/v2\/posts\/346235\/revisions"}],"predecessor-version":[{"id":346237,"href":"https:\/\/primermomento.com\/index.php?rest_route=\/wp\/v2\/posts\/346235\/revisions\/346237"}],"wp:attachment":[{"href":"https:\/\/primermomento.com\/index.php?rest_route=%2Fwp%2Fv2%2Fmedia&parent=346235"}],"wp:term":[{"taxonomy":"category","embeddable":true,"href":"https:\/\/primermomento.com\/index.php?rest_route=%2Fwp%2Fv2%2Fcategories&post=346235"},{"taxonomy":"post_tag","embeddable":true,"href":"https:\/\/primermomento.com\/index.php?rest_route=%2Fwp%2Fv2%2Ftags&post=346235"}],"curies":[{"name":"wp","href":"https:\/\/api.w.org\/{rel}","templated":true}]}}