{"id":346238,"date":"2021-06-17T14:50:18","date_gmt":"2021-06-17T18:50:18","guid":{"rendered":"http:\/\/primermomento.com\/?p=346238"},"modified":"2021-06-17T14:51:07","modified_gmt":"2021-06-17T18:51:07","slug":"banl-gestion-ambiental-lanza-operativo-limpieza-en-calle-marcial-soto","status":"publish","type":"post","link":"https:\/\/primermomento.com\/?p=346238","title":{"rendered":"BAN\u013a | Lanzan operativo limpieza en calle Marcial Soto"},"content":{"rendered":"\n<p>BAN\u013a, Rep\u00fablica Dominicana.- El operativo de limpieza que lleva a cabo de forma rutinaria el Dpto. Gesti\u00f3n Ambiental del Ayuntamiento de Ban\u00ed en distintas zonas del municipio, lleg\u00f3 hasta la calle Marcial Soto en los alrededores de la ca\u00f1ada 30 de Mayo donde se dejaron saneados todos sus alrededores.<\/p>\n\n\n\n<div class=\"wp-block-image\"><figure class=\"aligncenter size-large\"><img loading=\"lazy\" decoding=\"async\" width=\"676\" height=\"451\" src=\"http:\/\/primermomento.com\/wp-content\/uploads\/2021\/06\/Limpieza-en-la-Marcial-Soto-21.jpg\" alt=\"\" class=\"wp-image-346239\" srcset=\"https:\/\/primermomento.com\/wp-content\/uploads\/2021\/06\/Limpieza-en-la-Marcial-Soto-21.jpg 676w, https:\/\/primermomento.com\/wp-content\/uploads\/2021\/06\/Limpieza-en-la-Marcial-Soto-21-300x200.jpg 300w, https:\/\/primermomento.com\/wp-content\/uploads\/2021\/06\/Limpieza-en-la-Marcial-Soto-21-73x50.jpg 73w, https:\/\/primermomento.com\/wp-content\/uploads\/2021\/06\/Limpieza-en-la-Marcial-Soto-21-500x334.jpg 500w, https:\/\/primermomento.com\/wp-content\/uploads\/2021\/06\/Limpieza-en-la-Marcial-Soto-21-280x187.jpg 280w, https:\/\/primermomento.com\/wp-content\/uploads\/2021\/06\/Limpieza-en-la-Marcial-Soto-21-60x40.jpg 60w, https:\/\/primermomento.com\/wp-content\/uploads\/2021\/06\/Limpieza-en-la-Marcial-Soto-21-638x426.jpg 638w, https:\/\/primermomento.com\/wp-content\/uploads\/2021\/06\/Limpieza-en-la-Marcial-Soto-21-118x79.jpg 118w, https:\/\/primermomento.com\/wp-content\/uploads\/2021\/06\/Limpieza-en-la-Marcial-Soto-21-479x320.jpg 479w\" sizes=\"auto, (max-width: 676px) 100vw, 676px\" \/><\/figure><\/div>\n\n\n\n<p>En los mencionados lugares se retiraron malezas y desechos s\u00f3lidos, pero adem\u00e1s se removi\u00f3 la tierra acumulada en las aceras con el objetivo de que se mantengan en condiciones \u00f3ptimas.<\/p>\n\n\n\n<p>Todos estos saneamientos, que se realizan en las distintas zonas de la ciudad, tienen el prop\u00f3sito de cuidar la salud ambiental de los mun\u00edcipes y evitar los focos de contaminaci\u00f3n.<\/p>\n","protected":false},"excerpt":{"rendered":"<p>BAN\u013a, Rep\u00fablica Dominicana.- El operativo de limpieza que lleva a cabo de forma rutinaria el Dpto. Gesti\u00f3n Ambiental del Ayuntamiento de Ban\u00ed en distintas zonas del municipio, lleg\u00f3 hasta la calle Marcial Soto en los alrededores de la ca\u00f1ada 30 de Mayo donde se dejaron saneados todos sus alrededores. En los mencionados lugares se retiraron [&hellip;]<\/p>\n","protected":false},"author":1,"featured_media":0,"comment_status":"open","ping_status":"open","sticky":false,"template":"","format":"standard","meta":{"_bbp_topic_count":0,"_bbp_reply_count":0,"_bbp_total_topic_count":0,"_bbp_total_reply_count":0,"_bbp_voice_count":0,"_bbp_anonymous_reply_count":0,"_bbp_topic_count_hidden":0,"_bbp_reply_count_hidden":0,"_bbp_forum_subforum_count":0,"footnotes":""},"categories":[60,32],"tags":[],"class_list":{"0":"post-346238","1":"post","2":"type-post","3":"status-publish","4":"format-standard","6":"category-titulares-del-dia","7":"category-lo-ultimo"},"_links":{"self":[{"href":"https:\/\/primermomento.com\/index.php?rest_route=\/wp\/v2\/posts\/346238","targetHints":{"allow":["GET"]}}],"collection":[{"href":"https:\/\/primermomento.com\/index.php?rest_route=\/wp\/v2\/posts"}],"about":[{"href":"https:\/\/primermomento.com\/index.php?rest_route=\/wp\/v2\/types\/post"}],"author":[{"embeddable":true,"href":"https:\/\/primermomento.com\/index.php?rest_route=\/wp\/v2\/users\/1"}],"replies":[{"embeddable":true,"href":"https:\/\/primermomento.com\/index.php?rest_route=%2Fwp%2Fv2%2Fcomments&post=346238"}],"version-history":[{"count":2,"href":"https:\/\/primermomento.com\/index.php?rest_route=\/wp\/v2\/posts\/346238\/revisions"}],"predecessor-version":[{"id":346241,"href":"https:\/\/primermomento.com\/index.php?rest_route=\/wp\/v2\/posts\/346238\/revisions\/346241"}],"wp:attachment":[{"href":"https:\/\/primermomento.com\/index.php?rest_route=%2Fwp%2Fv2%2Fmedia&parent=346238"}],"wp:term":[{"taxonomy":"category","embeddable":true,"href":"https:\/\/primermomento.com\/index.php?rest_route=%2Fwp%2Fv2%2Fcategories&post=346238"},{"taxonomy":"post_tag","embeddable":true,"href":"https:\/\/primermomento.com\/index.php?rest_route=%2Fwp%2Fv2%2Ftags&post=346238"}],"curies":[{"name":"wp","href":"https:\/\/api.w.org\/{rel}","templated":true}]}}