{"id":346247,"date":"2021-06-17T12:03:00","date_gmt":"2021-06-17T16:03:00","guid":{"rendered":"http:\/\/primermomento.com\/?p=346247"},"modified":"2021-06-17T16:41:38","modified_gmt":"2021-06-17T20:41:38","slug":"corte-suprema-de-eeuu-falla-a-favor-del-obamacare","status":"publish","type":"post","link":"https:\/\/primermomento.com\/?p=346247","title":{"rendered":"Corte Suprema de EEUU falla a favor del Obamacare"},"content":{"rendered":"\n<p>WASHINGTON, EEUU.- La Corte Suprema de Estados Unidos fall\u00f3 hoy a favor de mantener intacta la Ley de Atenci\u00f3n M\u00e9dica Asequible, programa conocido como Obamacare.<\/p>\n\n\n\n<div class=\"wp-block-image\"><figure class=\"aligncenter size-large\"><img loading=\"lazy\" decoding=\"async\" width=\"624\" height=\"351\" src=\"http:\/\/primermomento.com\/wp-content\/uploads\/2016\/11\/obamacare3.jpg\" alt=\"\" class=\"wp-image-283757\" srcset=\"https:\/\/primermomento.com\/wp-content\/uploads\/2016\/11\/obamacare3.jpg 624w, https:\/\/primermomento.com\/wp-content\/uploads\/2016\/11\/obamacare3-300x169.jpg 300w, https:\/\/primermomento.com\/wp-content\/uploads\/2016\/11\/obamacare3-478x270.jpg 478w, https:\/\/primermomento.com\/wp-content\/uploads\/2016\/11\/obamacare3-500x281.jpg 500w, https:\/\/primermomento.com\/wp-content\/uploads\/2016\/11\/obamacare3-280x158.jpg 280w, https:\/\/primermomento.com\/wp-content\/uploads\/2016\/11\/obamacare3-118x66.jpg 118w, https:\/\/primermomento.com\/wp-content\/uploads\/2016\/11\/obamacare3-479x269.jpg 479w\" sizes=\"auto, (max-width: 624px) 100vw, 624px\" \/><\/figure><\/div>\n\n\n\n<p>El presidente Joe Biden calific\u00f3 en su cuenta de Twitter como &#8216;una victoria para el pueblo estadounidense&#8217; la decisi\u00f3n del m\u00e1ximo \u00f3rgano judicial contra una coalici\u00f3n de 17 estados republcianos liderados por Texas.<\/p>\n\n\n\n<p>En el caso analizado este jueves la clave era el llamado &#8216;mandato individual&#8217; de la ley, el cual requer\u00eda que la mayor\u00eda de los estadounidenses obtuvieran un seguro m\u00e9dico o enfrentaran el pago de una multa.<\/p>\n\n\n\n<p>Los conservadores argumentaban la inconstitucionalidad de esa parte de la normativa sanitaria.<\/p>\n\n\n\n<p>Sin embargo, los magistrados no abordaron esa cuesti\u00f3n por considerar que los demandantes carecen de la capacidad necesaria para plantearlas, escribi\u00f3 Stephen Breyer, uno de los miembros del tribunal.<\/p>\n\n\n\n<p>Del total de nueve jueces, siete votaron a favor de preservar la disposici\u00f3n que, de acuerdo con la Casa Blanca, hasta el momento benefici\u00f3 a 31 millones de personas inscritas a trav\u00e9s de dicha medida para recibir atenci\u00f3n m\u00e9dica.<\/p>\n\n\n\n<p>Esta es la tercera ocasi\u00f3n que la corte rechaza los intentos por derogar la norma aprobada en 2010 bajo el impulso del entonces presidente Barack Obama para ampliar la cobertura de salud a m\u00e1s estadounidenses.<\/p>\n\n\n\n<p class=\"has-text-align-right\"><em>PL<\/em><\/p>\n","protected":false},"excerpt":{"rendered":"<p>WASHINGTON, EEUU.- La Corte Suprema de Estados Unidos fall\u00f3 hoy a favor de mantener intacta la Ley de Atenci\u00f3n M\u00e9dica Asequible, programa conocido como Obamacare. El presidente Joe Biden calific\u00f3 en su cuenta de Twitter como &#8216;una victoria para el pueblo estadounidense&#8217; la decisi\u00f3n del m\u00e1ximo \u00f3rgano judicial contra una coalici\u00f3n de 17 estados republcianos [&hellip;]<\/p>\n","protected":false},"author":1,"featured_media":0,"comment_status":"open","ping_status":"open","sticky":false,"template":"","format":"standard","meta":{"_bbp_topic_count":0,"_bbp_reply_count":0,"_bbp_total_topic_count":0,"_bbp_total_reply_count":0,"_bbp_voice_count":0,"_bbp_anonymous_reply_count":0,"_bbp_topic_count_hidden":0,"_bbp_reply_count_hidden":0,"_bbp_forum_subforum_count":0,"footnotes":""},"categories":[30,60],"tags":[],"class_list":{"0":"post-346247","1":"post","2":"type-post","3":"status-publish","4":"format-standard","6":"category-actualidad","7":"category-titulares-del-dia"},"_links":{"self":[{"href":"https:\/\/primermomento.com\/index.php?rest_route=\/wp\/v2\/posts\/346247","targetHints":{"allow":["GET"]}}],"collection":[{"href":"https:\/\/primermomento.com\/index.php?rest_route=\/wp\/v2\/posts"}],"about":[{"href":"https:\/\/primermomento.com\/index.php?rest_route=\/wp\/v2\/types\/post"}],"author":[{"embeddable":true,"href":"https:\/\/primermomento.com\/index.php?rest_route=\/wp\/v2\/users\/1"}],"replies":[{"embeddable":true,"href":"https:\/\/primermomento.com\/index.php?rest_route=%2Fwp%2Fv2%2Fcomments&post=346247"}],"version-history":[{"count":1,"href":"https:\/\/primermomento.com\/index.php?rest_route=\/wp\/v2\/posts\/346247\/revisions"}],"predecessor-version":[{"id":346248,"href":"https:\/\/primermomento.com\/index.php?rest_route=\/wp\/v2\/posts\/346247\/revisions\/346248"}],"wp:attachment":[{"href":"https:\/\/primermomento.com\/index.php?rest_route=%2Fwp%2Fv2%2Fmedia&parent=346247"}],"wp:term":[{"taxonomy":"category","embeddable":true,"href":"https:\/\/primermomento.com\/index.php?rest_route=%2Fwp%2Fv2%2Fcategories&post=346247"},{"taxonomy":"post_tag","embeddable":true,"href":"https:\/\/primermomento.com\/index.php?rest_route=%2Fwp%2Fv2%2Ftags&post=346247"}],"curies":[{"name":"wp","href":"https:\/\/api.w.org\/{rel}","templated":true}]}}