{"id":346249,"date":"2021-06-17T14:00:00","date_gmt":"2021-06-17T18:00:00","guid":{"rendered":"http:\/\/primermomento.com\/?p=346249"},"modified":"2021-06-17T18:21:30","modified_gmt":"2021-06-17T22:21:30","slug":"jce-realiza-tercer-encuentro-regional-en-la-zona-sur-del-pais","status":"publish","type":"post","link":"https:\/\/primermomento.com\/?p=346249","title":{"rendered":"JCE realiza tercer encuentro regional en la Zona Sur del pa\u00eds"},"content":{"rendered":"\n<p>SAN JUAN DE LA MAGUANA, Rep\u00fablica Dominicana.- El Pleno de la Junta Central Electoral (JCE) celebr\u00f3 este jueves su tercer encuentro regional con miembros titulares y secretarios de juntas electorales en la regi\u00f3n Sur del pa\u00eds, a los fines de hacer un levantamiento y conocer la situaci\u00f3n actual de 20 dependencias ubicadas en las provincias de San Juan, El\u00edas Pi\u00f1a y Azua.<\/p>\n\n\n\n<div class=\"wp-block-image\"><figure class=\"aligncenter size-large\"><img loading=\"lazy\" decoding=\"async\" width=\"676\" height=\"451\" src=\"http:\/\/primermomento.com\/wp-content\/uploads\/2021\/06\/Presidente-JCE1.jpg\" alt=\"\" class=\"wp-image-346250\" srcset=\"https:\/\/primermomento.com\/wp-content\/uploads\/2021\/06\/Presidente-JCE1.jpg 676w, https:\/\/primermomento.com\/wp-content\/uploads\/2021\/06\/Presidente-JCE1-300x200.jpg 300w, https:\/\/primermomento.com\/wp-content\/uploads\/2021\/06\/Presidente-JCE1-73x50.jpg 73w, https:\/\/primermomento.com\/wp-content\/uploads\/2021\/06\/Presidente-JCE1-500x334.jpg 500w, https:\/\/primermomento.com\/wp-content\/uploads\/2021\/06\/Presidente-JCE1-280x187.jpg 280w, https:\/\/primermomento.com\/wp-content\/uploads\/2021\/06\/Presidente-JCE1-60x40.jpg 60w, https:\/\/primermomento.com\/wp-content\/uploads\/2021\/06\/Presidente-JCE1-638x426.jpg 638w, https:\/\/primermomento.com\/wp-content\/uploads\/2021\/06\/Presidente-JCE1-118x79.jpg 118w, https:\/\/primermomento.com\/wp-content\/uploads\/2021\/06\/Presidente-JCE1-479x320.jpg 479w\" sizes=\"auto, (max-width: 676px) 100vw, 676px\" \/><figcaption>Rom\u00e1n Andr\u00e9s J\u00e1quez Liranzo<\/figcaption><\/figure><\/div>\n\n\n\n<p>Samir Chami Isa, miembro titular del Pleno y coordinador de la referida Comisi\u00f3n, expres\u00f3 que con estos encuentros se quiere lograr un acercamiento para conocer las problem\u00e1ticas y situaciones que existen o hayan enfrentado, y lo que pueda servir como recomendaciones para el pr\u00f3ximo proceso electoral.<\/p>\n\n\n\n<p>&nbsp;\u201cSabemos que existen muchos problemas y estamos muy preocupados, y existe la intenci\u00f3n de resolverlos\u201d, dijo.<\/p>\n\n\n\n<p>Chami Isa precis\u00f3 tambi\u00e9n que este Pleno tiene como meta trabajar en la conformaci\u00f3n de las juntas electorales a partir de los pr\u00f3ximos meses. \u201cDedicaremos nuestro esfuerzo a estudiar todas las propuestas recibidas en esos encuentros para seleccionar a personas que cumplan con un perfil donde predomine la transparencia, la independencia y la integridad, apegados a la ley\u201d.<\/p>\n\n\n\n<p>De su parte, el presidente de la JCE, Rom\u00e1n Andr\u00e9s J\u00e1quez Liranzo, destac\u00f3 en su discurso el valor de la responsabilidad que tienen que tener los integrantes de las juntas electorales, haciendo \u00e9nfasis en que en las elecciones pasadas hubo juntas electorales que, de manera imprecisa o extra\u00f1a, se declaraban incompetentes para todo.<\/p>\n\n\n\n<p>\u201c\u00bfPor qu\u00e9 hubo tantas decisiones de declaratorias de incompetencia para conocer casos? Donde la competencia de la Junta Electoral era elemental\u201d, manifest\u00f3 el presidente de la JCE, a la vez que resalt\u00f3 que muchos de estos casos fueron tratados por titulares con \u201cevasivas a decidir, desconocimiento de sus funciones, formas de delegaci\u00f3n de justicia y temor a tomar una decisi\u00f3n por no afectar intereses de personas que conozcan. Esto no puede volver a suceder\u201d, sostuvo.<\/p>\n\n\n\n<p>Inform\u00f3 tambi\u00e9n que esta JCE quiere atraer a los j\u00f3venes universitarios, a profesionales y miembros de la comunidad con valores c\u00edvicos y que les duela la democracia, por lo que en el primer cuatrimestre del 2023 iniciar\u00e1 el proceso de capacitaci\u00f3n de instructores y el registro de elegibles respecto de las personas que conformar\u00e1n los colegios electorales en febrero de 2024.<\/p>\n\n\n\n<p>J\u00e1quez dijo tambi\u00e9n que la instituci\u00f3n, en lo inmediato, a trav\u00e9s de la Escuela Nacional de Formaci\u00f3n Electoral y del Registro Civil (EFEC), ha aprobado la realizaci\u00f3n de una maestr\u00eda en Gesti\u00f3n y Administraci\u00f3n de Partidos Pol\u00edticos, para miembros y delegados de estos, as\u00ed como diplomados en administraci\u00f3n electoral en apoyo de los partidos pol\u00edticos para que sus miembros puedan tener una buena capacitaci\u00f3n que permita trabajar en armon\u00eda y conocimiento de causa.<\/p>\n\n\n\n<p>Igualmente, se refiri\u00f3 a los que integrar\u00e1n la Polic\u00eda Militar Electoral para el proceso electoral del 2024, destacando que estos \u201cdeben saber que su servicio el d\u00eda de las elecciones es por la democracia\u201d y que esta JCE en proyectos puntuales, desde que se designe el jefe de la Polic\u00eda Militar Electoral, trabajar\u00e1 esta capacitaci\u00f3n y sensibilizaci\u00f3n oportuna.<\/p>\n\n\n\n<p>Finalmente, dijo a los presentes que la JCE \u201crequiere de miembros titulares y suplentes en las juntas electorales responsables, \u00edntegros, imparciales, capacitados, con car\u00e1cter y valores democr\u00e1ticos\u201d.<\/p>\n\n\n\n<p>Por la Provincia de San Juan participaron los miembros titulares y secretarios de las juntas electorales de San Juan de la Maguana, Juan de Herrera, Bohech\u00edo, Las Matas de Farf\u00e1n, Vallejuelo y El Cercado. Por la Provincia de El\u00edas Pi\u00f1as asistieron los titulares y secretarios de las Juntas Electorales de Comendador, B\u00e1nica, El Llano, Pedro Santana, Juan Santiago y Hondo Valle.<\/p>\n\n\n\n<p>Finalmente, por la Provincia de Azua participaron los miembros titulares y secretarios de las juntas electorales de Azua, Padre de Las Casas, Peralta, Las Yayas de Viajama, Sabana Yegua, Pueblo Viejo, T\u00e1bara Arriba y Guayabal.<\/p>\n\n\n\n<p>En adici\u00f3n al presidente de la JCE, Rom\u00e1n J\u00e1quez Liranzo, participaron los miembros titulares Rafael Armando Vallejo Santelises, Dolores Fern\u00e1ndez S\u00e1nchez, Patricia Lorenzo Paniagua y Samir Chami Isa.&nbsp;<\/p>\n\n\n\n<p>Por la Comisi\u00f3n de Juntas Electorales y Partidos, Agrupaciones y Movimientos Pol\u00edticos, que se encuentra coordinada por el miembro titular Samir Chami Isa, estuvieron presentes Anibelca Rosario y Prado Antonio L\u00f3pez, miembros suplentes adscritos a los trabajos de la Comisi\u00f3n; Mario N\u00fa\u00f1ez Valdez, director de Elecciones; Ariel Liranzo, director de Recursos Humanos; Ram\u00f3n Urb\u00e1ez Mancebo, coordinador de Juntas Electorales; Pen\u00e9lope Taveras, subdirectora de Inspector\u00eda; Lourdes Cepeda, encargada de Control Administrativo; y Emily Feliz, secretaria de la Comisi\u00f3n.<\/p>\n","protected":false},"excerpt":{"rendered":"<p>SAN JUAN DE LA MAGUANA, Rep\u00fablica Dominicana.- El Pleno de la Junta Central Electoral (JCE) celebr\u00f3 este jueves su tercer encuentro regional con miembros titulares y secretarios de juntas electorales en la regi\u00f3n Sur del pa\u00eds, a los fines de hacer un levantamiento y conocer la situaci\u00f3n actual de 20 dependencias ubicadas en las provincias [&hellip;]<\/p>\n","protected":false},"author":1,"featured_media":0,"comment_status":"open","ping_status":"open","sticky":false,"template":"","format":"standard","meta":{"_bbp_topic_count":0,"_bbp_reply_count":0,"_bbp_total_topic_count":0,"_bbp_total_reply_count":0,"_bbp_voice_count":0,"_bbp_anonymous_reply_count":0,"_bbp_topic_count_hidden":0,"_bbp_reply_count_hidden":0,"_bbp_forum_subforum_count":0,"footnotes":""},"categories":[60,32],"tags":[],"class_list":{"0":"post-346249","1":"post","2":"type-post","3":"status-publish","4":"format-standard","6":"category-titulares-del-dia","7":"category-lo-ultimo"},"_links":{"self":[{"href":"https:\/\/primermomento.com\/index.php?rest_route=\/wp\/v2\/posts\/346249","targetHints":{"allow":["GET"]}}],"collection":[{"href":"https:\/\/primermomento.com\/index.php?rest_route=\/wp\/v2\/posts"}],"about":[{"href":"https:\/\/primermomento.com\/index.php?rest_route=\/wp\/v2\/types\/post"}],"author":[{"embeddable":true,"href":"https:\/\/primermomento.com\/index.php?rest_route=\/wp\/v2\/users\/1"}],"replies":[{"embeddable":true,"href":"https:\/\/primermomento.com\/index.php?rest_route=%2Fwp%2Fv2%2Fcomments&post=346249"}],"version-history":[{"count":1,"href":"https:\/\/primermomento.com\/index.php?rest_route=\/wp\/v2\/posts\/346249\/revisions"}],"predecessor-version":[{"id":346251,"href":"https:\/\/primermomento.com\/index.php?rest_route=\/wp\/v2\/posts\/346249\/revisions\/346251"}],"wp:attachment":[{"href":"https:\/\/primermomento.com\/index.php?rest_route=%2Fwp%2Fv2%2Fmedia&parent=346249"}],"wp:term":[{"taxonomy":"category","embeddable":true,"href":"https:\/\/primermomento.com\/index.php?rest_route=%2Fwp%2Fv2%2Fcategories&post=346249"},{"taxonomy":"post_tag","embeddable":true,"href":"https:\/\/primermomento.com\/index.php?rest_route=%2Fwp%2Fv2%2Ftags&post=346249"}],"curies":[{"name":"wp","href":"https:\/\/api.w.org\/{rel}","templated":true}]}}