{"id":346255,"date":"2021-06-17T18:32:31","date_gmt":"2021-06-17T22:32:31","guid":{"rendered":"http:\/\/primermomento.com\/?p=346255"},"modified":"2021-06-17T18:33:11","modified_gmt":"2021-06-17T22:33:11","slug":"convocan-asamblea-que-elegira-comision-electoral-del-cdp","status":"publish","type":"post","link":"https:\/\/primermomento.com\/?p=346255","title":{"rendered":"Convocan asamblea que elegir\u00e1 Comisi\u00f3n Electoral del CDP"},"content":{"rendered":"\n<p>NEW YORK, EEUU.- La seccional de esta ciudad del Colegio Dominicano de Periodistas (CDP) convoca para el s\u00e1bado 26 de este mes de junio a la asamblea ordinaria para escoger la Comisi\u00f3n Electoral que organizar\u00e1 las elecciones del gremio a realizarse el domingo 29 de agosto del a\u00f1o 2021.<\/p>\n\n\n\n<div class=\"wp-block-image\"><figure class=\"aligncenter size-large\"><img loading=\"lazy\" decoding=\"async\" width=\"589\" height=\"317\" src=\"http:\/\/primermomento.com\/wp-content\/uploads\/2018\/04\/CDP-santo-domingo.jpg\" alt=\"\" class=\"wp-image-305613\" srcset=\"https:\/\/primermomento.com\/wp-content\/uploads\/2018\/04\/CDP-santo-domingo.jpg 589w, https:\/\/primermomento.com\/wp-content\/uploads\/2018\/04\/CDP-santo-domingo-300x161.jpg 300w, https:\/\/primermomento.com\/wp-content\/uploads\/2018\/04\/CDP-santo-domingo-500x269.jpg 500w, https:\/\/primermomento.com\/wp-content\/uploads\/2018\/04\/CDP-santo-domingo-280x151.jpg 280w, https:\/\/primermomento.com\/wp-content\/uploads\/2018\/04\/CDP-santo-domingo-118x64.jpg 118w, https:\/\/primermomento.com\/wp-content\/uploads\/2018\/04\/CDP-santo-domingo-479x258.jpg 479w\" sizes=\"auto, (max-width: 589px) 100vw, 589px\" \/><\/figure><\/div>\n\n\n\n<p>El encuentro con los miembros del CDP est\u00e1 convocado para las 10:00 de la ma\u00f1ana, en el local del Club deportivo y cultural \u201cDominicano\u201d, ubicado en la Avenida Amsterdam esquina 163 St. en el Alto Manhattan.<\/p>\n\n\n\n<p>La invitaci\u00f3n est\u00e1 firmada por los periodistas Erasmo Chalas Tejeda e Ibelka (Viviana) Ure\u00f1a, secretario general y de organizaci\u00f3n, respectivamente.<\/p>\n\n\n\n<p>Para cualquier informaci\u00f3n al respecto, los periodistas pueden comunicarse al tel\u00e9fono 646-597-3809<\/p>\n\n\n\n<p>La directiva inform\u00f3 que en esa asamblea ordinaria se ofrecer\u00e1n los informes de las secretar\u00edas de Finanzas y\u00a0General en torno a los logros de la presente gesti\u00f3n 2019-2021.\u00a0\u00a0\u00a0\u00a0\u00a0<\/p>\n","protected":false},"excerpt":{"rendered":"<p>NEW YORK, EEUU.- La seccional de esta ciudad del Colegio Dominicano de Periodistas (CDP) convoca para el s\u00e1bado 26 de este mes de junio a la asamblea ordinaria para escoger la Comisi\u00f3n Electoral que organizar\u00e1 las elecciones del gremio a realizarse el domingo 29 de agosto del a\u00f1o 2021. El encuentro con los miembros del [&hellip;]<\/p>\n","protected":false},"author":1,"featured_media":0,"comment_status":"open","ping_status":"open","sticky":false,"template":"","format":"standard","meta":{"_bbp_topic_count":0,"_bbp_reply_count":0,"_bbp_total_topic_count":0,"_bbp_total_reply_count":0,"_bbp_voice_count":0,"_bbp_anonymous_reply_count":0,"_bbp_topic_count_hidden":0,"_bbp_reply_count_hidden":0,"_bbp_forum_subforum_count":0,"footnotes":""},"categories":[30,60],"tags":[],"class_list":{"0":"post-346255","1":"post","2":"type-post","3":"status-publish","4":"format-standard","6":"category-actualidad","7":"category-titulares-del-dia"},"_links":{"self":[{"href":"https:\/\/primermomento.com\/index.php?rest_route=\/wp\/v2\/posts\/346255","targetHints":{"allow":["GET"]}}],"collection":[{"href":"https:\/\/primermomento.com\/index.php?rest_route=\/wp\/v2\/posts"}],"about":[{"href":"https:\/\/primermomento.com\/index.php?rest_route=\/wp\/v2\/types\/post"}],"author":[{"embeddable":true,"href":"https:\/\/primermomento.com\/index.php?rest_route=\/wp\/v2\/users\/1"}],"replies":[{"embeddable":true,"href":"https:\/\/primermomento.com\/index.php?rest_route=%2Fwp%2Fv2%2Fcomments&post=346255"}],"version-history":[{"count":1,"href":"https:\/\/primermomento.com\/index.php?rest_route=\/wp\/v2\/posts\/346255\/revisions"}],"predecessor-version":[{"id":346256,"href":"https:\/\/primermomento.com\/index.php?rest_route=\/wp\/v2\/posts\/346255\/revisions\/346256"}],"wp:attachment":[{"href":"https:\/\/primermomento.com\/index.php?rest_route=%2Fwp%2Fv2%2Fmedia&parent=346255"}],"wp:term":[{"taxonomy":"category","embeddable":true,"href":"https:\/\/primermomento.com\/index.php?rest_route=%2Fwp%2Fv2%2Fcategories&post=346255"},{"taxonomy":"post_tag","embeddable":true,"href":"https:\/\/primermomento.com\/index.php?rest_route=%2Fwp%2Fv2%2Ftags&post=346255"}],"curies":[{"name":"wp","href":"https:\/\/api.w.org\/{rel}","templated":true}]}}