{"id":346257,"date":"2021-06-17T11:33:00","date_gmt":"2021-06-17T15:33:00","guid":{"rendered":"http:\/\/primermomento.com\/?p=346257"},"modified":"2021-06-17T18:38:57","modified_gmt":"2021-06-17T22:38:57","slug":"suman-65-contagios-por-covid-19-en-copa-america-de-futbol","status":"publish","type":"post","link":"https:\/\/primermomento.com\/?p=346257","title":{"rendered":"Suman 65 contagios por Covid-19 en Copa Am\u00e9rica de f\u00fatbol"},"content":{"rendered":"\n<p>BRASILIA, Brasil.- Bolivia, Chile y Venezuela confirmaron hoy nuevos contagios por Covid-19 en sus delegaciones participantes en la Copa Am\u00e9rica de f\u00fatbol que acontece en Brasil y suman 65 los infectados desde el comienzo del torneo.<\/p>\n\n\n\n<div class=\"wp-block-image\"><figure class=\"aligncenter size-large\"><img loading=\"lazy\" decoding=\"async\" width=\"647\" height=\"432\" src=\"http:\/\/primermomento.com\/wp-content\/uploads\/2021\/06\/copa-america-brasil1.jpg\" alt=\"\" class=\"wp-image-346258\" srcset=\"https:\/\/primermomento.com\/wp-content\/uploads\/2021\/06\/copa-america-brasil1.jpg 647w, https:\/\/primermomento.com\/wp-content\/uploads\/2021\/06\/copa-america-brasil1-300x200.jpg 300w, https:\/\/primermomento.com\/wp-content\/uploads\/2021\/06\/copa-america-brasil1-73x50.jpg 73w, https:\/\/primermomento.com\/wp-content\/uploads\/2021\/06\/copa-america-brasil1-500x334.jpg 500w, https:\/\/primermomento.com\/wp-content\/uploads\/2021\/06\/copa-america-brasil1-280x187.jpg 280w, https:\/\/primermomento.com\/wp-content\/uploads\/2021\/06\/copa-america-brasil1-60x40.jpg 60w, https:\/\/primermomento.com\/wp-content\/uploads\/2021\/06\/copa-america-brasil1-638x426.jpg 638w, https:\/\/primermomento.com\/wp-content\/uploads\/2021\/06\/copa-america-brasil1-118x79.jpg 118w, https:\/\/primermomento.com\/wp-content\/uploads\/2021\/06\/copa-america-brasil1-479x320.jpg 479w\" sizes=\"auto, (max-width: 647px) 100vw, 647px\" \/><\/figure><\/div>\n\n\n\n<p>El portal de noticias UOL asegur\u00f3 que, en el caso de Bolivia, la federaci\u00f3n se limit\u00f3 a decir que son dos jugadores. Los chilenos solo informaron de &#8216;un miembro de la delegaci\u00f3n&#8217;, mientras los venezolanos comunicaron que uno es atleta y el otro, integrante de la comisi\u00f3n t\u00e9cnica.<\/p>\n\n\n\n<p>Citada por varios medios, la Confederaci\u00f3n Sudamericana de F\u00fatbol (Conmebol) confirm\u00f3 en un comunicado que llegan a 65 las personas contaminadas por el virus en la copa, entre delegaciones, personal arbitral y otros trabajadores.<\/p>\n\n\n\n<p>Seg\u00fan la entidad rectora regional de la disciplina, en total se realizaron hasta la fecha cinco mil 458 pruebas, de los que cinco mil 393 resultaron negativos, por lo cual la tasa de contagios en el evento es del 1,19 por ciento.<\/p>\n\n\n\n<p>De esos 65 positivos, 19 corresponden a miembros de las delegaciones participantes, mientras que 46 fueron \u00e1rbitros, personal de los estadios o empleados de la Conmebol.<\/p>\n\n\n\n<p>El primer equipo que sufri\u00f3 un brote del pat\u00f3geno fue la delegaci\u00f3n de Venezuela. El equipo aterriz\u00f3 en Brasilia el jueves de la semana pasada por la noche y, en las primeros controles realizados, se confirmaron 13 casos de infecci\u00f3n.<\/p>\n\n\n\n<p>Con el caso de Venezuela, la Conmebol cambi\u00f3 el reglamento de la copa y acab\u00f3 con el l\u00edmite de sustituciones en las convocatorias por la Covid-19.<\/p>\n\n\n\n<p>Inicialmente, cada equipo solo pod\u00eda sustituir a cinco jugadores de la delegaci\u00f3n por el virus.<\/p>\n\n\n\n<p>Por este cambio, Venezuela convoc\u00f3 a 15 nuevos atletas para la competici\u00f3n. Despu\u00e9s de la Vinotinto tambi\u00e9n se registraron casos positivos en las delegaciones de Bolivia, Per\u00fa y Colombia.<\/p>\n\n\n\n<p>En medio de las cr\u00edticas por el alto n\u00famero de muertes (m\u00e1s de 490 mil) y contagios (cercano a los 18 millones) por Covid-19 en el pa\u00eds, el gobierno de Jair Bolsonaro hizo caso omiso a los consejos de especialistas y decidi\u00f3 organizar el torneo en el gigante suramericano tras Argentina y Colombia declinar ser anfitriones.<\/p>\n\n\n\n<p class=\"has-text-align-right\"><em>PL<\/em><\/p>\n","protected":false},"excerpt":{"rendered":"<p>BRASILIA, Brasil.- Bolivia, Chile y Venezuela confirmaron hoy nuevos contagios por Covid-19 en sus delegaciones participantes en la Copa Am\u00e9rica de f\u00fatbol que acontece en Brasil y suman 65 los infectados desde el comienzo del torneo. El portal de noticias UOL asegur\u00f3 que, en el caso de Bolivia, la federaci\u00f3n se limit\u00f3 a decir que [&hellip;]<\/p>\n","protected":false},"author":1,"featured_media":0,"comment_status":"open","ping_status":"open","sticky":false,"template":"","format":"standard","meta":{"_bbp_topic_count":0,"_bbp_reply_count":0,"_bbp_total_topic_count":0,"_bbp_total_reply_count":0,"_bbp_voice_count":0,"_bbp_anonymous_reply_count":0,"_bbp_topic_count_hidden":0,"_bbp_reply_count_hidden":0,"_bbp_forum_subforum_count":0,"footnotes":""},"categories":[42,60],"tags":[],"class_list":{"0":"post-346257","1":"post","2":"type-post","3":"status-publish","4":"format-standard","6":"category-deportes","7":"category-titulares-del-dia"},"_links":{"self":[{"href":"https:\/\/primermomento.com\/index.php?rest_route=\/wp\/v2\/posts\/346257","targetHints":{"allow":["GET"]}}],"collection":[{"href":"https:\/\/primermomento.com\/index.php?rest_route=\/wp\/v2\/posts"}],"about":[{"href":"https:\/\/primermomento.com\/index.php?rest_route=\/wp\/v2\/types\/post"}],"author":[{"embeddable":true,"href":"https:\/\/primermomento.com\/index.php?rest_route=\/wp\/v2\/users\/1"}],"replies":[{"embeddable":true,"href":"https:\/\/primermomento.com\/index.php?rest_route=%2Fwp%2Fv2%2Fcomments&post=346257"}],"version-history":[{"count":1,"href":"https:\/\/primermomento.com\/index.php?rest_route=\/wp\/v2\/posts\/346257\/revisions"}],"predecessor-version":[{"id":346259,"href":"https:\/\/primermomento.com\/index.php?rest_route=\/wp\/v2\/posts\/346257\/revisions\/346259"}],"wp:attachment":[{"href":"https:\/\/primermomento.com\/index.php?rest_route=%2Fwp%2Fv2%2Fmedia&parent=346257"}],"wp:term":[{"taxonomy":"category","embeddable":true,"href":"https:\/\/primermomento.com\/index.php?rest_route=%2Fwp%2Fv2%2Fcategories&post=346257"},{"taxonomy":"post_tag","embeddable":true,"href":"https:\/\/primermomento.com\/index.php?rest_route=%2Fwp%2Fv2%2Ftags&post=346257"}],"curies":[{"name":"wp","href":"https:\/\/api.w.org\/{rel}","templated":true}]}}