{"id":346260,"date":"2021-06-17T14:39:00","date_gmt":"2021-06-17T18:39:00","guid":{"rendered":"http:\/\/primermomento.com\/?p=346260"},"modified":"2021-06-17T18:42:46","modified_gmt":"2021-06-17T22:42:46","slug":"biden-declara-feriado-por-abolicion-de-la-esclavitud-en-eeuu","status":"publish","type":"post","link":"https:\/\/primermomento.com\/?p=346260","title":{"rendered":"Biden declara feriado por abolici\u00f3n de la esclavitud en EEUU"},"content":{"rendered":"\n<p>\u00a0WASHINGTON, EEUU.- El presidente estadounidense, Joe Biden, firm\u00f3 hoy la Ley del D\u00eda de la Independencia Nacional, la cual convierte en feriado al 19 de junio, fecha en que conmemoran aqu\u00ed la abolici\u00f3n de la esclavitud.<\/p>\n\n\n\n<div class=\"wp-block-image\"><figure class=\"aligncenter size-large\"><img loading=\"lazy\" decoding=\"async\" width=\"748\" height=\"498\" src=\"http:\/\/primermomento.com\/wp-content\/uploads\/2021\/06\/Junio19feriado-eeuu.jpg\" alt=\"\" class=\"wp-image-346261\" srcset=\"https:\/\/primermomento.com\/wp-content\/uploads\/2021\/06\/Junio19feriado-eeuu.jpg 748w, https:\/\/primermomento.com\/wp-content\/uploads\/2021\/06\/Junio19feriado-eeuu-300x200.jpg 300w, https:\/\/primermomento.com\/wp-content\/uploads\/2021\/06\/Junio19feriado-eeuu-73x50.jpg 73w, https:\/\/primermomento.com\/wp-content\/uploads\/2021\/06\/Junio19feriado-eeuu-500x333.jpg 500w, https:\/\/primermomento.com\/wp-content\/uploads\/2021\/06\/Junio19feriado-eeuu-280x186.jpg 280w, https:\/\/primermomento.com\/wp-content\/uploads\/2021\/06\/Junio19feriado-eeuu-60x40.jpg 60w, https:\/\/primermomento.com\/wp-content\/uploads\/2021\/06\/Junio19feriado-eeuu-638x425.jpg 638w, https:\/\/primermomento.com\/wp-content\/uploads\/2021\/06\/Junio19feriado-eeuu-118x79.jpg 118w, https:\/\/primermomento.com\/wp-content\/uploads\/2021\/06\/Junio19feriado-eeuu-479x319.jpg 479w\" sizes=\"auto, (max-width: 748px) 100vw, 748px\" \/><\/figure><\/div>\n\n\n\n<p>&#8216;Las grandes naciones no ignoran sus momentos m\u00e1s dolorosos, los abrazan&#8217;, expres\u00f3 el mandatario en una ceremonia este jueves en la Casa Blanca a la que asistieron la vicepresidenta Kamala Harris, legisladores, artistas como el cantante Usher.<\/p>\n\n\n\n<p>El gobernante reconoci\u00f3 que no basta con conmemorar el momento hist\u00f3rico, pues para honrar su verdadero significado es necesario cumplir la promesa de la igualdad y mencion\u00f3 c\u00f3mo su plan de inversiones y una reforma policial pudieran contribuir con ese objetivo.<\/p>\n\n\n\n<p>El 19 de junio de 1865, el general de divisi\u00f3n de la Uni\u00f3n Gordon Granger proclam\u00f3 la libertad de los esclavos en Texas, porque aunque tres a\u00f1os antes el presidente Abraham Lincoln hab\u00eda declarado la emancipaci\u00f3n de los esclavos, la aplicaci\u00f3n de la medida demor\u00f3 en ponerse en pr\u00e1ctica.<\/p>\n\n\n\n<p>Analistas apuntan que actualmente en el pa\u00eds norte\u00f1o persisten la desigualdad racial y la violencia policial contra los estadounidenses negros.<\/p>\n\n\n\n<p>Esa idea la respaldan estudios como el del grupo financiero norteamericano Citigroup, el cual estima que mientras los blancos son due\u00f1os en un 80 por ciento de sus casas, los negros propietarios solo alcanzan el 47.<\/p>\n\n\n\n<p>Adem\u00e1s, el racismo en los agentes del orden cobra v\u00edctimas fatales y ejemplo de ello lo constituye el asesinato hace m\u00e1s de un a\u00f1o del afroamericano George Floyd, a quien un polic\u00eda blanco lo ahog\u00f3 con una rodilla en el cuello.<\/p>\n\n\n\n<p class=\"has-text-align-right\"><em>PL<\/em><\/p>\n","protected":false},"excerpt":{"rendered":"<p>\u00a0WASHINGTON, EEUU.- El presidente estadounidense, Joe Biden, firm\u00f3 hoy la Ley del D\u00eda de la Independencia Nacional, la cual convierte en feriado al 19 de junio, fecha en que conmemoran aqu\u00ed la abolici\u00f3n de la esclavitud. &#8216;Las grandes naciones no ignoran sus momentos m\u00e1s dolorosos, los abrazan&#8217;, expres\u00f3 el mandatario en una ceremonia este jueves [&hellip;]<\/p>\n","protected":false},"author":1,"featured_media":0,"comment_status":"open","ping_status":"open","sticky":false,"template":"","format":"standard","meta":{"_bbp_topic_count":0,"_bbp_reply_count":0,"_bbp_total_topic_count":0,"_bbp_total_reply_count":0,"_bbp_voice_count":0,"_bbp_anonymous_reply_count":0,"_bbp_topic_count_hidden":0,"_bbp_reply_count_hidden":0,"_bbp_forum_subforum_count":0,"footnotes":""},"categories":[60,31],"tags":[],"class_list":{"0":"post-346260","1":"post","2":"type-post","3":"status-publish","4":"format-standard","6":"category-titulares-del-dia","7":"category-estados-unidos"},"_links":{"self":[{"href":"https:\/\/primermomento.com\/index.php?rest_route=\/wp\/v2\/posts\/346260","targetHints":{"allow":["GET"]}}],"collection":[{"href":"https:\/\/primermomento.com\/index.php?rest_route=\/wp\/v2\/posts"}],"about":[{"href":"https:\/\/primermomento.com\/index.php?rest_route=\/wp\/v2\/types\/post"}],"author":[{"embeddable":true,"href":"https:\/\/primermomento.com\/index.php?rest_route=\/wp\/v2\/users\/1"}],"replies":[{"embeddable":true,"href":"https:\/\/primermomento.com\/index.php?rest_route=%2Fwp%2Fv2%2Fcomments&post=346260"}],"version-history":[{"count":1,"href":"https:\/\/primermomento.com\/index.php?rest_route=\/wp\/v2\/posts\/346260\/revisions"}],"predecessor-version":[{"id":346262,"href":"https:\/\/primermomento.com\/index.php?rest_route=\/wp\/v2\/posts\/346260\/revisions\/346262"}],"wp:attachment":[{"href":"https:\/\/primermomento.com\/index.php?rest_route=%2Fwp%2Fv2%2Fmedia&parent=346260"}],"wp:term":[{"taxonomy":"category","embeddable":true,"href":"https:\/\/primermomento.com\/index.php?rest_route=%2Fwp%2Fv2%2Fcategories&post=346260"},{"taxonomy":"post_tag","embeddable":true,"href":"https:\/\/primermomento.com\/index.php?rest_route=%2Fwp%2Fv2%2Ftags&post=346260"}],"curies":[{"name":"wp","href":"https:\/\/api.w.org\/{rel}","templated":true}]}}