{"id":346267,"date":"2021-06-17T20:04:04","date_gmt":"2021-06-18T00:04:04","guid":{"rendered":"http:\/\/primermomento.com\/?p=346267"},"modified":"2021-06-17T20:06:34","modified_gmt":"2021-06-18T00:06:34","slug":"banl-conectan-a-santana-con-el-acueduto-multiple-de-peravia","status":"publish","type":"post","link":"https:\/\/primermomento.com\/?p=346267","title":{"rendered":"BAN\u013a | Conectan a Santana con el acueducto m\u00faltiple de Peravia"},"content":{"rendered":"\n<p>BAN\u013a, Rep\u00fablica Dominicana.- La direcci\u00f3n provincial del INAPA concluy\u00f3, este mi\u00e9rcoles, los trabajos de conexi\u00f3n e integraci\u00f3n del sistema de distribuci\u00f3n de agua potable del distrito municipal de Santana al Acueducto M\u00faltiple de Peravia, con el objetivo de que esa localidad sea abastecida del preciado l\u00edquido frecuentemente.<\/p>\n\n\n\n<div class=\"wp-block-image\"><figure class=\"aligncenter size-large\"><img loading=\"lazy\" decoding=\"async\" width=\"632\" height=\"460\" src=\"http:\/\/primermomento.com\/wp-content\/uploads\/2021\/06\/Inapa-Santana.jpg\" alt=\"\" class=\"wp-image-346264\" srcset=\"https:\/\/primermomento.com\/wp-content\/uploads\/2021\/06\/Inapa-Santana.jpg 632w, https:\/\/primermomento.com\/wp-content\/uploads\/2021\/06\/Inapa-Santana-300x218.jpg 300w, https:\/\/primermomento.com\/wp-content\/uploads\/2021\/06\/Inapa-Santana-500x364.jpg 500w, https:\/\/primermomento.com\/wp-content\/uploads\/2021\/06\/Inapa-Santana-280x204.jpg 280w, https:\/\/primermomento.com\/wp-content\/uploads\/2021\/06\/Inapa-Santana-118x86.jpg 118w, https:\/\/primermomento.com\/wp-content\/uploads\/2021\/06\/Inapa-Santana-479x349.jpg 479w\" sizes=\"auto, (max-width: 632px) 100vw, 632px\" \/><\/figure><\/div>\n\n\n\n<p>Las labores de instalaci\u00f3n y conexi\u00f3n de tuber\u00edas con la C\u00e1mara Rompedora de Presi\u00f3n, las cuales estuvieron coordinados por Israel Arias, supervisor regional de INAPA, iniciaron a finales del mes de mayo.<\/p>\n\n\n\n<p>Con esta iniciativa de #INAPAPeravia, Santana no solo ser\u00e1 abastecida a trav\u00e9s de su sistema de bombeo, sino que ahora contar\u00e1 con el suministro de agua potable de ambos medios de distribuci\u00f3n.<\/p>\n\n\n\n<p>El director provincial de #INAPAPeravia, Luis Cruz, en su misi\u00f3n de que toda la provincia Peravia reciba agua de calidad y en abundancia, prometi\u00f3 poner en ejecuci\u00f3n este proyecto, el cual fue concluido en apenas tres semanas.<\/p>\n\n\n\n<p>Se recuerda que al inicio de esta nueva gesti\u00f3n, el distrito municipal de Santana fue afectado fuertemente por la escasez del preciado l\u00edquido, debido a la salida de funcionamiento de dos de sus tres estaciones de bombeo, situaci\u00f3n que oblig\u00f3 a la direcci\u00f3n provincial del INAPA a emprender acciones inmediatas para evitar que la poblaci\u00f3n de ese distrito sufriera de la falta del preciado l\u00edquido.<\/p>\n\n\n\n<p class=\"has-text-align-right\"><em>Liselot Zapata<\/em><\/p>\n","protected":false},"excerpt":{"rendered":"<p>BAN\u013a, Rep\u00fablica Dominicana.- La direcci\u00f3n provincial del INAPA concluy\u00f3, este mi\u00e9rcoles, los trabajos de conexi\u00f3n e integraci\u00f3n del sistema de distribuci\u00f3n de agua potable del distrito municipal de Santana al Acueducto M\u00faltiple de Peravia, con el objetivo de que esa localidad sea abastecida del preciado l\u00edquido frecuentemente. Las labores de instalaci\u00f3n y conexi\u00f3n de tuber\u00edas [&hellip;]<\/p>\n","protected":false},"author":1,"featured_media":0,"comment_status":"open","ping_status":"open","sticky":false,"template":"","format":"standard","meta":{"_bbp_topic_count":0,"_bbp_reply_count":0,"_bbp_total_topic_count":0,"_bbp_total_reply_count":0,"_bbp_voice_count":0,"_bbp_anonymous_reply_count":0,"_bbp_topic_count_hidden":0,"_bbp_reply_count_hidden":0,"_bbp_forum_subforum_count":0,"footnotes":""},"categories":[30,60],"tags":[],"class_list":{"0":"post-346267","1":"post","2":"type-post","3":"status-publish","4":"format-standard","6":"category-actualidad","7":"category-titulares-del-dia"},"_links":{"self":[{"href":"https:\/\/primermomento.com\/index.php?rest_route=\/wp\/v2\/posts\/346267","targetHints":{"allow":["GET"]}}],"collection":[{"href":"https:\/\/primermomento.com\/index.php?rest_route=\/wp\/v2\/posts"}],"about":[{"href":"https:\/\/primermomento.com\/index.php?rest_route=\/wp\/v2\/types\/post"}],"author":[{"embeddable":true,"href":"https:\/\/primermomento.com\/index.php?rest_route=\/wp\/v2\/users\/1"}],"replies":[{"embeddable":true,"href":"https:\/\/primermomento.com\/index.php?rest_route=%2Fwp%2Fv2%2Fcomments&post=346267"}],"version-history":[{"count":3,"href":"https:\/\/primermomento.com\/index.php?rest_route=\/wp\/v2\/posts\/346267\/revisions"}],"predecessor-version":[{"id":346273,"href":"https:\/\/primermomento.com\/index.php?rest_route=\/wp\/v2\/posts\/346267\/revisions\/346273"}],"wp:attachment":[{"href":"https:\/\/primermomento.com\/index.php?rest_route=%2Fwp%2Fv2%2Fmedia&parent=346267"}],"wp:term":[{"taxonomy":"category","embeddable":true,"href":"https:\/\/primermomento.com\/index.php?rest_route=%2Fwp%2Fv2%2Fcategories&post=346267"},{"taxonomy":"post_tag","embeddable":true,"href":"https:\/\/primermomento.com\/index.php?rest_route=%2Fwp%2Fv2%2Ftags&post=346267"}],"curies":[{"name":"wp","href":"https:\/\/api.w.org\/{rel}","templated":true}]}}