{"id":346335,"date":"2021-06-18T07:08:00","date_gmt":"2021-06-18T11:08:00","guid":{"rendered":"http:\/\/primermomento.com\/?p=346335"},"modified":"2021-06-18T13:57:13","modified_gmt":"2021-06-18T17:57:13","slug":"de-la-rosa-afirma-llevara-liderazgo-al-concejo-municipal-para-beneficiar-residentes-alto-manhattan","status":"publish","type":"post","link":"https:\/\/primermomento.com\/?p=346335","title":{"rendered":"De la Rosa afirma llevar\u00e1 liderazgo al Concejo Municipal para beneficiar residentes Alto Manhattan"},"content":{"rendered":"\n<p>NUEVA YORK, EEUU.- La precandidata a concejal por el Distrito 10 en el Alto Manhattan, asamble\u00edsta Carmen de la Rosa, manifest\u00f3 que de ser elegida durante las primarias a celebrarse este pr\u00f3ximo d\u00eda 22, llevar\u00e1 liderazgo ante el Concejo Municipal para beneficiar los residentes del Alto Manhattan.<\/p>\n\n\n\n<div class=\"wp-block-image\"><figure class=\"aligncenter size-large\"><img loading=\"lazy\" decoding=\"async\" width=\"419\" height=\"379\" src=\"http:\/\/primermomento.com\/wp-content\/uploads\/2021\/06\/De-la-Rosa-afirma-llevara-liderazgo-al-Concejo-Municipal-para-beneficiar-residentes-Alto-Manhattan.jpg\" alt=\"\" class=\"wp-image-346336\" srcset=\"https:\/\/primermomento.com\/wp-content\/uploads\/2021\/06\/De-la-Rosa-afirma-llevara-liderazgo-al-Concejo-Municipal-para-beneficiar-residentes-Alto-Manhattan.jpg 419w, https:\/\/primermomento.com\/wp-content\/uploads\/2021\/06\/De-la-Rosa-afirma-llevara-liderazgo-al-Concejo-Municipal-para-beneficiar-residentes-Alto-Manhattan-300x271.jpg 300w, https:\/\/primermomento.com\/wp-content\/uploads\/2021\/06\/De-la-Rosa-afirma-llevara-liderazgo-al-Concejo-Municipal-para-beneficiar-residentes-Alto-Manhattan-243x220.jpg 243w, https:\/\/primermomento.com\/wp-content\/uploads\/2021\/06\/De-la-Rosa-afirma-llevara-liderazgo-al-Concejo-Municipal-para-beneficiar-residentes-Alto-Manhattan-118x107.jpg 118w\" sizes=\"auto, (max-width: 419px) 100vw, 419px\" \/><\/figure><\/div>\n\n\n\n<p>\u201cTengo claro que los latinos y las mujeres de los vecindarios de Washington Heights e Inwood merecen voces en la mesa de gobierno que representen nuestro empoderamiento y luchen por nuestras problem\u00e1ticas diarias\u201d, precisa.<\/p>\n\n\n\n<p>\u201cY s\u00e9 que cuando est\u00e9 en el Concejo voy a moverme con autoridad, como lo hice en Albany, para ser una voz comprometida con el cambio y que puede mostrar resultados contundentes\u201d expresa.<\/p>\n\n\n\n<p>Siendo asamble\u00edsta, De la Rosa lider\u00f3 la aprobaci\u00f3n del NYS Dream Act (Acta del Sue\u00f1o) que abri\u00f3 las puertas para que miles de estudiantes indocumentados pudieran asistir a la universidad.<\/p>\n\n\n\n<p>Asimismo, vot\u00f3 por las protecciones de inquilinos y la reforma de renta m\u00e1s fuerte en d\u00e9cadas, con cientos de miles de trabajadores inelegible para la ayuda del gobierno durante la pandemia; fue la patrocinadora principal del Fondo de Trabajadores Excluidos que aprob\u00f3 $2.1 mil millones para brindar el alivio econ\u00f3mico que tanto necesitan.<\/p>\n\n\n\n<p>Por su parte, el congresista Adriano Espaillat ha proclamado: \u201cCarmen De La Rosa es una luchadora incansable por nuestra comunidad. Ella representa el futuro del liderazgo dominicano en nuestra ciudad y es la candidata m\u00e1s preparada para representarnos ante el Concejo\u201d.<\/p>\n\n\n\n<p class=\"has-text-align-right\"><em>Ram\u00f3n Mercedes<\/em><\/p>\n","protected":false},"excerpt":{"rendered":"<p>NUEVA YORK, EEUU.- La precandidata a concejal por el Distrito 10 en el Alto Manhattan, asamble\u00edsta Carmen de la Rosa, manifest\u00f3 que de ser elegida durante las primarias a celebrarse este pr\u00f3ximo d\u00eda 22, llevar\u00e1 liderazgo ante el Concejo Municipal para beneficiar los residentes del Alto Manhattan. \u201cTengo claro que los latinos y las mujeres [&hellip;]<\/p>\n","protected":false},"author":1,"featured_media":0,"comment_status":"open","ping_status":"open","sticky":false,"template":"","format":"standard","meta":{"_bbp_topic_count":0,"_bbp_reply_count":0,"_bbp_total_topic_count":0,"_bbp_total_reply_count":0,"_bbp_voice_count":0,"_bbp_anonymous_reply_count":0,"_bbp_topic_count_hidden":0,"_bbp_reply_count_hidden":0,"_bbp_forum_subforum_count":0,"footnotes":""},"categories":[60,31],"tags":[],"class_list":{"0":"post-346335","1":"post","2":"type-post","3":"status-publish","4":"format-standard","6":"category-titulares-del-dia","7":"category-estados-unidos"},"_links":{"self":[{"href":"https:\/\/primermomento.com\/index.php?rest_route=\/wp\/v2\/posts\/346335","targetHints":{"allow":["GET"]}}],"collection":[{"href":"https:\/\/primermomento.com\/index.php?rest_route=\/wp\/v2\/posts"}],"about":[{"href":"https:\/\/primermomento.com\/index.php?rest_route=\/wp\/v2\/types\/post"}],"author":[{"embeddable":true,"href":"https:\/\/primermomento.com\/index.php?rest_route=\/wp\/v2\/users\/1"}],"replies":[{"embeddable":true,"href":"https:\/\/primermomento.com\/index.php?rest_route=%2Fwp%2Fv2%2Fcomments&post=346335"}],"version-history":[{"count":1,"href":"https:\/\/primermomento.com\/index.php?rest_route=\/wp\/v2\/posts\/346335\/revisions"}],"predecessor-version":[{"id":346337,"href":"https:\/\/primermomento.com\/index.php?rest_route=\/wp\/v2\/posts\/346335\/revisions\/346337"}],"wp:attachment":[{"href":"https:\/\/primermomento.com\/index.php?rest_route=%2Fwp%2Fv2%2Fmedia&parent=346335"}],"wp:term":[{"taxonomy":"category","embeddable":true,"href":"https:\/\/primermomento.com\/index.php?rest_route=%2Fwp%2Fv2%2Fcategories&post=346335"},{"taxonomy":"post_tag","embeddable":true,"href":"https:\/\/primermomento.com\/index.php?rest_route=%2Fwp%2Fv2%2Ftags&post=346335"}],"curies":[{"name":"wp","href":"https:\/\/api.w.org\/{rel}","templated":true}]}}