{"id":346344,"date":"2021-06-18T07:10:00","date_gmt":"2021-06-18T11:10:00","guid":{"rendered":"http:\/\/primermomento.com\/?p=346344"},"modified":"2021-06-18T14:06:08","modified_gmt":"2021-06-18T18:06:08","slug":"cotuisano-reiteran-apoyo-a-labor-pn-de-su-provincia","status":"publish","type":"post","link":"https:\/\/primermomento.com\/?p=346344","title":{"rendered":"Cotuisanos reiteran apoyo a labor PN de su provincia"},"content":{"rendered":"\n<p>NUEVA YORK, EEUU.- Cotuisanos residentes en esta ciudad reiteraron su apoyo al accionar de la Polic\u00eda Nacional de su provincia, que con su contin\u00fao trabajo en bien de la poblaci\u00f3n ha servido de ejemplo en los \u00faltimos tiempos en la Rep\u00fablica Dominicana.<\/p>\n\n\n\n<div class=\"wp-block-image\"><figure class=\"aligncenter size-large\"><img loading=\"lazy\" decoding=\"async\" width=\"698\" height=\"496\" src=\"http:\/\/primermomento.com\/wp-content\/uploads\/2021\/06\/Cotuisano-reiteran-apoyo-a-labor-PN-de-su-provincia.jpg\" alt=\"\" class=\"wp-image-346345\" srcset=\"https:\/\/primermomento.com\/wp-content\/uploads\/2021\/06\/Cotuisano-reiteran-apoyo-a-labor-PN-de-su-provincia.jpg 698w, https:\/\/primermomento.com\/wp-content\/uploads\/2021\/06\/Cotuisano-reiteran-apoyo-a-labor-PN-de-su-provincia-300x213.jpg 300w, https:\/\/primermomento.com\/wp-content\/uploads\/2021\/06\/Cotuisano-reiteran-apoyo-a-labor-PN-de-su-provincia-110x77.jpg 110w, https:\/\/primermomento.com\/wp-content\/uploads\/2021\/06\/Cotuisano-reiteran-apoyo-a-labor-PN-de-su-provincia-500x355.jpg 500w, https:\/\/primermomento.com\/wp-content\/uploads\/2021\/06\/Cotuisano-reiteran-apoyo-a-labor-PN-de-su-provincia-280x199.jpg 280w, https:\/\/primermomento.com\/wp-content\/uploads\/2021\/06\/Cotuisano-reiteran-apoyo-a-labor-PN-de-su-provincia-638x453.jpg 638w, https:\/\/primermomento.com\/wp-content\/uploads\/2021\/06\/Cotuisano-reiteran-apoyo-a-labor-PN-de-su-provincia-118x84.jpg 118w, https:\/\/primermomento.com\/wp-content\/uploads\/2021\/06\/Cotuisano-reiteran-apoyo-a-labor-PN-de-su-provincia-479x340.jpg 479w\" sizes=\"auto, (max-width: 698px) 100vw, 698px\" \/><\/figure><\/div>\n\n\n\n<p>Asimismo, valoraron que el director de esa instituci\u00f3n, Mayor General Edward S\u00e1nchez Gonz\u00e1lez, visitara la semana pasada esa comandancia a ofrecer una charla a los agentes destacado all\u00ed, en claro apoyo a la gesti\u00f3n del comandante de esa plaza, coronel Jos\u00e9 Francisco de la Cruz y dem\u00e1s oficiales, expresan los cotuisanos.<\/p>\n\n\n\n<p>La misma fue ofrecida en el sal\u00f3n de conferencia del Ayuntamiento Municipal, siendo recibido el jefe policial por la gobernadora provincial, Cristina Rodr\u00edguez de Alba, y en la misma S\u00e1nchez Gonz\u00e1lez expres\u00f3 que los polic\u00edas deben seguir realizando el buen trabajo que hasta ahora porque ha dado buenos resultados.<\/p>\n\n\n\n<p>\u201cHay que conversar con la gente y llevarse de las manos con los dirigentes comunitarios, lleg\u00f3 a manifestar el Mayor General de la PN.<\/p>\n\n\n\n<p>En un documento de prensa, Efra\u00edn Morales, Rafael A. Mena, Juli\u00e1n Lluberes, Altagracia Marmolejos, Carmen Rivera, Wilson Torres, Madelin Contreras, Hugo Mar\u00eda Lizardo, Carlos Alba, Mario Lantigua, Ces\u00e1reo Calca\u00f1o, Kelvin Guzm\u00e1n, Rodolfo Liberato, y Emilio Rosario, entre otros, afirmaron que lo dicho por el jefe policial es lo que ha venido haciendo la polic\u00eda de su pueblo.<\/p>\n\n\n\n<p>Recordaron que las principales instituciones, sectores representativos y productivos de la provincia han reconocido el trabajo del coronel De la Cruz y dem\u00e1s altos oficiales, por el combate frontal a la delincuencia, las drogas, robos y haciendo cumplir el protocolo de salud (Covid-19).<\/p>\n\n\n\n<p>Citaron el de la entonces procuradora fiscal, Juana Mar\u00eda Hern\u00e1ndez (a principio del 2020); luego de la \u201cFundaci\u00f3n Acci\u00f3n Huellas\u201d y las empresas \u201cTelecotu\u00ed\u201d, coincidiendo en expresar que la polic\u00eda cotuisana ha demostrado la entrega demandada por la ciudadan\u00eda.<\/p>\n\n\n\n<p class=\"has-text-align-right\"><em>Ram\u00f3n Mercedes<\/em><\/p>\n","protected":false},"excerpt":{"rendered":"<p>NUEVA YORK, EEUU.- Cotuisanos residentes en esta ciudad reiteraron su apoyo al accionar de la Polic\u00eda Nacional de su provincia, que con su contin\u00fao trabajo en bien de la poblaci\u00f3n ha servido de ejemplo en los \u00faltimos tiempos en la Rep\u00fablica Dominicana. Asimismo, valoraron que el director de esa instituci\u00f3n, Mayor General Edward S\u00e1nchez Gonz\u00e1lez, [&hellip;]<\/p>\n","protected":false},"author":1,"featured_media":0,"comment_status":"open","ping_status":"open","sticky":false,"template":"","format":"standard","meta":{"_bbp_topic_count":0,"_bbp_reply_count":0,"_bbp_total_topic_count":0,"_bbp_total_reply_count":0,"_bbp_voice_count":0,"_bbp_anonymous_reply_count":0,"_bbp_topic_count_hidden":0,"_bbp_reply_count_hidden":0,"_bbp_forum_subforum_count":0,"footnotes":""},"categories":[40,60],"tags":[],"class_list":{"0":"post-346344","1":"post","2":"type-post","3":"status-publish","4":"format-standard","6":"category-comunidad","7":"category-titulares-del-dia"},"_links":{"self":[{"href":"https:\/\/primermomento.com\/index.php?rest_route=\/wp\/v2\/posts\/346344","targetHints":{"allow":["GET"]}}],"collection":[{"href":"https:\/\/primermomento.com\/index.php?rest_route=\/wp\/v2\/posts"}],"about":[{"href":"https:\/\/primermomento.com\/index.php?rest_route=\/wp\/v2\/types\/post"}],"author":[{"embeddable":true,"href":"https:\/\/primermomento.com\/index.php?rest_route=\/wp\/v2\/users\/1"}],"replies":[{"embeddable":true,"href":"https:\/\/primermomento.com\/index.php?rest_route=%2Fwp%2Fv2%2Fcomments&post=346344"}],"version-history":[{"count":2,"href":"https:\/\/primermomento.com\/index.php?rest_route=\/wp\/v2\/posts\/346344\/revisions"}],"predecessor-version":[{"id":346347,"href":"https:\/\/primermomento.com\/index.php?rest_route=\/wp\/v2\/posts\/346344\/revisions\/346347"}],"wp:attachment":[{"href":"https:\/\/primermomento.com\/index.php?rest_route=%2Fwp%2Fv2%2Fmedia&parent=346344"}],"wp:term":[{"taxonomy":"category","embeddable":true,"href":"https:\/\/primermomento.com\/index.php?rest_route=%2Fwp%2Fv2%2Fcategories&post=346344"},{"taxonomy":"post_tag","embeddable":true,"href":"https:\/\/primermomento.com\/index.php?rest_route=%2Fwp%2Fv2%2Ftags&post=346344"}],"curies":[{"name":"wp","href":"https:\/\/api.w.org\/{rel}","templated":true}]}}