{"id":346562,"date":"2021-06-23T15:56:32","date_gmt":"2021-06-23T19:56:32","guid":{"rendered":"http:\/\/primermomento.com\/?p=346562"},"modified":"2021-06-23T17:01:43","modified_gmt":"2021-06-23T21:01:43","slug":"legado-de-victor-waill-desata-fuerte-controversia-en-redes-sociales","status":"publish","type":"post","link":"https:\/\/primermomento.com\/?p=346562","title":{"rendered":"Legado de V\u00edctor Waill desata fuerte controversia en redes sociales"},"content":{"rendered":"\n<p>SANTO DOMINGO, Rep\u00fablica Dominicana.- Querer deshonrar y borrar un legado musical como el que ha dejado V\u00edctor Waill en la Rep\u00fablica Dominicana, es vergonzoso, afirm\u00f3 el cantante de salsa Alberto Mar\u00eda en la red social de Facebook, este mi\u00e9rcoles.<\/p>\n\n\n\n<div class=\"wp-block-image\"><figure class=\"aligncenter size-large\"><img loading=\"lazy\" decoding=\"async\" width=\"512\" height=\"438\" src=\"http:\/\/primermomento.com\/wp-content\/uploads\/2021\/06\/Victor-Waill1.jpg\" alt=\"\" class=\"wp-image-346570\" srcset=\"https:\/\/primermomento.com\/wp-content\/uploads\/2021\/06\/Victor-Waill1.jpg 512w, https:\/\/primermomento.com\/wp-content\/uploads\/2021\/06\/Victor-Waill1-300x257.jpg 300w, https:\/\/primermomento.com\/wp-content\/uploads\/2021\/06\/Victor-Waill1-500x428.jpg 500w, https:\/\/primermomento.com\/wp-content\/uploads\/2021\/06\/Victor-Waill1-257x220.jpg 257w, https:\/\/primermomento.com\/wp-content\/uploads\/2021\/06\/Victor-Waill1-118x101.jpg 118w, https:\/\/primermomento.com\/wp-content\/uploads\/2021\/06\/Victor-Waill1-479x410.jpg 479w\" sizes=\"auto, (max-width: 512px) 100vw, 512px\" \/><\/figure><\/div>\n\n\n\n<p>\u00abNi en los a\u00f1os m\u00e1s luminosos de los mejores int\u00e9rpretes de Salsa del pa\u00eds (Canario, Raulin, Jos\u00e9 Bello, Rey Reyes, etc, etc.), se hab\u00eda hablado de SALSA DOMINICANA\u2026 Despu\u00e9s de un movimiento de nuevos int\u00e9rpretes y grandes arreglistas nacionales, liderados por V\u00edctor Waill, el mundo, las grandes plataformas musicales y artistas de la talla de Gilberto Santa Rosa, V\u00edctor Manuelle, entre otros, se han referido p\u00fablicamente a la salsa hecha completamente en nuestro suelo, como DOMINICANA\u00bb, agreg\u00f3 Mar\u00eda.<\/p>\n\n\n\n<p><strong>V\u013aCTOR WAILL S\u013a ERA ARREGLISTA<\/strong><\/p>\n\n\n\n<p>Las declaraciones ofrecidas por el compositor Fernando Arias sobre que el m\u00fasico V\u00edctor Waill no era arreglista y publicadas este martes por El Nacional, desataron una suerte de \u201cavisperos\u201d en las redes sociales en las que artistas, m\u00fasicos y fan\u00e1ticos rechazaron tal afirmaci\u00f3n.<\/p>\n\n\n\n<div class=\"wp-block-image\"><figure class=\"aligncenter size-large\"><img loading=\"lazy\" decoding=\"async\" width=\"676\" height=\"451\" src=\"http:\/\/primermomento.com\/wp-content\/uploads\/2021\/06\/Alberto-Maria1.jpg\" alt=\"\" class=\"wp-image-346565\" srcset=\"https:\/\/primermomento.com\/wp-content\/uploads\/2021\/06\/Alberto-Maria1.jpg 676w, https:\/\/primermomento.com\/wp-content\/uploads\/2021\/06\/Alberto-Maria1-300x200.jpg 300w, https:\/\/primermomento.com\/wp-content\/uploads\/2021\/06\/Alberto-Maria1-73x50.jpg 73w, https:\/\/primermomento.com\/wp-content\/uploads\/2021\/06\/Alberto-Maria1-500x334.jpg 500w, https:\/\/primermomento.com\/wp-content\/uploads\/2021\/06\/Alberto-Maria1-280x187.jpg 280w, https:\/\/primermomento.com\/wp-content\/uploads\/2021\/06\/Alberto-Maria1-60x40.jpg 60w, https:\/\/primermomento.com\/wp-content\/uploads\/2021\/06\/Alberto-Maria1-638x426.jpg 638w, https:\/\/primermomento.com\/wp-content\/uploads\/2021\/06\/Alberto-Maria1-118x79.jpg 118w, https:\/\/primermomento.com\/wp-content\/uploads\/2021\/06\/Alberto-Maria1-479x320.jpg 479w\" sizes=\"auto, (max-width: 676px) 100vw, 676px\" \/><figcaption><em>Alberto Mar\u00eda<\/em><\/figcaption><\/figure><\/div>\n\n\n\n<p>Arias tambi\u00e9n asegur\u00f3 que los salseros dominicanos no hacen salsa, sino guaracha. \u201cCon todo respeto, hay contradicci\u00f3n en su proposici\u00f3n, pues la salsa es nombre comercial, la base de ella es la guaracha, por lo tanto si hacemos guaracha estamos haciendo salsa y el maestro V\u00edctor Waill s\u00ed era arreglista de salsa, aparte tambi\u00e9n transcrib\u00eda, que es m\u00e1s dif\u00edcil, y yo soy testigo de ello, toqu\u00e9 y grab\u00e9 muchos de sus arreglos y transcripciones de salsa excelentes\u201d, escribi\u00f3 el reconocido arreglista y productor musical Juan Valdez.<\/p>\n\n\n\n<p>De su lado el m\u00fasico y productor Alberto Plata opin\u00f3 \u201c\u2026me parece injusto y desconsiderado, ahora, para sonar, est\u00e1 bien\u201d.<\/p>\n\n\n\n<div class=\"wp-block-image\"><figure class=\"aligncenter size-large\"><img loading=\"lazy\" decoding=\"async\" width=\"676\" height=\"359\" src=\"http:\/\/primermomento.com\/wp-content\/uploads\/2021\/06\/Fernando-Arias1.jpg\" alt=\"\" class=\"wp-image-346566\" srcset=\"https:\/\/primermomento.com\/wp-content\/uploads\/2021\/06\/Fernando-Arias1.jpg 676w, https:\/\/primermomento.com\/wp-content\/uploads\/2021\/06\/Fernando-Arias1-300x159.jpg 300w, https:\/\/primermomento.com\/wp-content\/uploads\/2021\/06\/Fernando-Arias1-500x266.jpg 500w, https:\/\/primermomento.com\/wp-content\/uploads\/2021\/06\/Fernando-Arias1-280x149.jpg 280w, https:\/\/primermomento.com\/wp-content\/uploads\/2021\/06\/Fernando-Arias1-638x339.jpg 638w, https:\/\/primermomento.com\/wp-content\/uploads\/2021\/06\/Fernando-Arias1-118x63.jpg 118w, https:\/\/primermomento.com\/wp-content\/uploads\/2021\/06\/Fernando-Arias1-479x254.jpg 479w\" sizes=\"auto, (max-width: 676px) 100vw, 676px\" \/><figcaption><em>Fernando Arias<\/em><\/figcaption><\/figure><\/div>\n\n\n\n<p>El merenguero dominicano residente en Estados Unidos, Tony Bravo fue lac\u00f3nico al preguntarse: \u00bfY qu\u00e9 le pasa a este amigo nuestro?.<\/p>\n\n\n\n<p>\u201cYo lamento no tener la preparaci\u00f3n musical requerida para dar una opini\u00f3n responsable. Pero lo que s\u00ed puedo hacer es exaltar el valor, el aporte y el gran trabajo que hizo el maestro V\u00edctor Waill por la m\u00fasica y la salsa de RD. Mi aplauso eterno para el maestro\u201d, escribi\u00f3 el actor V\u00edctor Pinales.<\/p>\n\n\n\n<p>Consultado al respecto, el tambi\u00e9n locutor, productor radial y promotor de salsa, expres\u00f3 que el g\u00e9nero musical en el que Waill se destac\u00f3 con la realizaci\u00f3n de arreglos para los m\u00e1s reconocidos exponentes dominicanos, \u00e9ste entiende que Arias se refiere al aspecto comercial, seg\u00fan ha reportado Jos\u00e9 Antonio Aybar en su cr\u00f3nica de arte para el vespertino El Nacional.<\/p>\n\n\n\n<div class=\"wp-block-image\"><figure class=\"aligncenter size-large\"><img loading=\"lazy\" decoding=\"async\" width=\"640\" height=\"350\" src=\"http:\/\/primermomento.com\/wp-content\/uploads\/2021\/06\/Chino-Mendez.jpeg\" alt=\"\" class=\"wp-image-346567\" srcset=\"https:\/\/primermomento.com\/wp-content\/uploads\/2021\/06\/Chino-Mendez.jpeg 640w, https:\/\/primermomento.com\/wp-content\/uploads\/2021\/06\/Chino-Mendez-300x164.jpeg 300w, https:\/\/primermomento.com\/wp-content\/uploads\/2021\/06\/Chino-Mendez-500x273.jpeg 500w, https:\/\/primermomento.com\/wp-content\/uploads\/2021\/06\/Chino-Mendez-280x153.jpeg 280w, https:\/\/primermomento.com\/wp-content\/uploads\/2021\/06\/Chino-Mendez-638x349.jpeg 638w, https:\/\/primermomento.com\/wp-content\/uploads\/2021\/06\/Chino-Mendez-118x65.jpeg 118w, https:\/\/primermomento.com\/wp-content\/uploads\/2021\/06\/Chino-Mendez-479x262.jpeg 479w\" sizes=\"auto, (max-width: 640px) 100vw, 640px\" \/><figcaption><em>Chino M\u00e9ndez<\/em><\/figcaption><\/figure><\/div>\n\n\n\n<p><strong>FERNANDO ARIAS<\/strong><\/p>\n\n\n\n<p>\u201cFernando se refiere m\u00e1s al aspecto comercial, porque los salseros dominicanos no solicitan a los compositores de aqu\u00ed, pero son muchos los temas in\u00e9ditos hechos por V\u00edctor\u201d, dijo Pinales.<\/p>\n\n\n\n<p>Aunque reconoci\u00f3 que ahora los salseros criollos tratan de hacerlo todo, se refiri\u00f3 a lo dicho por Arias como una \u201cbarrabada\u201d.<\/p>\n\n\n\n<p>\u201cDecir que V\u00edctor Waill no era arreglista es una barrabasada, porque si usted se pone a analizar los temas que ha hecho desde que estuvo con Wilfrido Vargas, sus aportes al merenhouse, sus arreglos in\u00e9ditos y tambi\u00e9n las adaptaciones, estamos hablando de un genio\u201d.<\/p>\n\n\n\n<p><strong>CHINO M\u00c9NDEZ<\/strong><\/p>\n\n\n\n<p>M\u00e9ndez aclar\u00f3 que Fernando Arias es su amigo, pero esa afirmaci\u00f3n \u201cno se la voy a comprar yo\u201d.<\/p>\n\n\n\n<div class=\"wp-block-image\"><figure class=\"alignleft size-large\"><img loading=\"lazy\" decoding=\"async\" width=\"383\" height=\"383\" src=\"http:\/\/primermomento.com\/wp-content\/uploads\/2021\/06\/actor-Victor-Pinales.jpg\" alt=\"\" class=\"wp-image-346587\" srcset=\"https:\/\/primermomento.com\/wp-content\/uploads\/2021\/06\/actor-Victor-Pinales.jpg 383w, https:\/\/primermomento.com\/wp-content\/uploads\/2021\/06\/actor-Victor-Pinales-300x300.jpg 300w, https:\/\/primermomento.com\/wp-content\/uploads\/2021\/06\/actor-Victor-Pinales-150x150.jpg 150w, https:\/\/primermomento.com\/wp-content\/uploads\/2021\/06\/actor-Victor-Pinales-50x50.jpg 50w, https:\/\/primermomento.com\/wp-content\/uploads\/2021\/06\/actor-Victor-Pinales-220x220.jpg 220w, https:\/\/primermomento.com\/wp-content\/uploads\/2021\/06\/actor-Victor-Pinales-118x118.jpg 118w, https:\/\/primermomento.com\/wp-content\/uploads\/2021\/06\/actor-Victor-Pinales-30x30.jpg 30w\" sizes=\"auto, (max-width: 383px) 100vw, 383px\" \/><figcaption><em>V\u00edctor Pinales<\/em><\/figcaption><\/figure><\/div>\n\n\n\n<p>El productor y conductor de \u201cEl control de la salsa\u201d, asegur\u00f3 que Waill tiene algo que muchos no poseen y es haber entrado al movimiento \u201cLa salsa vive\u201d y revolucionar la salsa del patio. \u201c\u00bfY entonces? Nada m\u00e1s hay que escuchar esos arreglos de V\u00edctor, quien hasta con una guitarra comenz\u00f3 a darle nuevos colores a la salsa hecha por dominicanos\u201d.<\/p>\n\n\n\n<p>Resalt\u00f3 el trabajo de otros arreglistas dominicanos en el g\u00e9nero salsa, como es el caso del maestro Ram\u00f3n Orlando Valoy.<\/p>\n\n\n\n<p>\u201cRam\u00f3n Orlando Valoy es el arreglista de salsa m\u00e1s internacional de Rep\u00fablica Dominicana, solo hay que mencionar que hizo los arreglos de la mejor orquesta de montuno que ha parido tierra: La Tribu de Cuco Valoy.<\/p>\n\n\n\n<p>Hoy en d\u00eda grandes salseros le hacen homenajes a esta agrupaci\u00f3n, como es el caso de Fernando Gal\u00e9, un hombre universal en la m\u00fasica\u201d.<\/p>\n\n\n\n<p><strong>EL DATO<\/strong><\/p>\n\n\n\n<p><em>Sobre el In Memoriam<\/em><\/p>\n\n\n\n<p>Chino M\u00e9ndez tiene su opini\u00f3n sobre el segmento In Memoriam de Premios Soberano, al que, dice, falt\u00f3 soneo en la participaci\u00f3n de Raul\u00edn Rosendo y Yiyo Sarante.<\/p>\n\n\n\n<p>\u201cEn el musical In memoriam que se le hizo al grande de la m\u00fasica afroantillana Johnny Pacheco, falt\u00f3 asesor\u00eda, hubo muchas fallas y una de ellas fue que, quiz\u00e1s, queriendo acomodar al menos experto, perjudicaron al veterano, y eso se resolv\u00eda poniendo dos veteranos, ya que Pacheco se lo merec\u00eda. Solo pido que expertos, bailadores y conocedores escuchen bien y den su opini\u00f3n\u201d, a\u00f1adi\u00f3 M\u00e9ndez.<\/p>\n\n\n\n<p>Para M\u00e9ndez \u201clo que se hace de coraz\u00f3n tiene que quedar bien, soy amante de los buenos int\u00e9rpretes de salsa y son, que dominan el soneo, y hasta puedo mencionar algunos: Ismael Rivera, Celia Cruz, Benny Mor\u00e9, Pete \u201cEl Conde\u201d, Oscar D Le\u00f3n, Jos\u00e9 Alberto \u201cEl Canario\u201d, Michell \u201cEl Buenon, Ismael Miranda, Rey Reyes, Yolanda Rivera y muchos m\u00e1s. Precisamente eso fue lo que falt\u00f3 en el musical\u2026 coraz\u00f3n\u201d.<\/p>\n\n\n\n<p>La Guaracha es un sabroso y contagioso ritmo Cubano, pero no se parece en nada a lo que hacemos aqu\u00ed.<\/p>\n\n\n\n<p>\u00a1Pens\u00e9 que el complejo de GUACANAGARIX, hab\u00eda desaparecido. Pero veo que no!<\/p>\n\n\n\n<p><strong>FERNANDO ARIAS: <\/strong><em>\u201cV\u00edctor Waill no era arreglista\u201d<\/em><\/p>\n\n\n\n<p>De acuerdo al cronista Jos\u00e9 Antonio Aybar, el veterano compositor dominicano Fernando Arias es parco al hablar, pero cuando expone sus criterios es uno de los seres humanos m\u00e1s directos y en ese ejercicio de sinceridad sorprende al decir que V\u00edctor Waill no era un arreglista de salsa como lo consideran en Rep\u00fablica Dominicana.<\/p>\n\n\n\n<p>\u201cV\u00edctor Waill, que Dios lo tenga en gloria \u00bfAlguna vez arregl\u00f3 algo?\u201d, cuestion\u00f3 Arias a un panel que lo entrevistaba en el segmento \u201cGrandes Compositores Dominicanos\u201d, del programa Bebeto TV, integrado por Alberto Bernab\u00e9, Julay Pe\u00f1a y Raymundo Ortiz.<\/p>\n\n\n\n<p>\u201cEs que es muy f\u00e1cil para el arreglista coger una balada y montarse en ella, eso es karaoke\u201d, asegur\u00f3 el compositor del \u00e9xito No me conoces, ante la sorpresa de Alberto Bernab\u00e9, productor y conductor del espacio televisivo que se transmite por el canal Catorce TV.<\/p>\n\n\n\n<p>Fernando Arias argument\u00f3 que el arreglista dominicano est\u00e1 estancado por la falta de creatividad. \u201cEs que cuando t\u00fa te montas en una balada, la pauta te la est\u00e1 trazando el que hizo el arreglo de la balada\u201d, explic\u00f3. Arias fue m\u00e1s all\u00e1 de esta apreciaci\u00f3n y asegur\u00f3 que en Rep\u00fablica Dominicana no se est\u00e1 haciendo salsa, sino guaracha.<\/p>\n\n\n\n<p>\u201cYo fui a ver a Santa Rosa (Gilberto) al Teatro Nacional y me di cuenta que la diferencia es del cielo a la tierra\u201d, agreg\u00f3.<\/p>\n\n\n\n<p>Sobre el s\u00faper \u00e9xito No me conoces, con el que el salsero puertorrique\u00f1o Marc Anthony alcanz\u00f3 altos niveles de popularidad y habr\u00eda vendido m\u00e1s de seis millones de copia, confi\u00f3 que solo recibi\u00f3 royalties por un mill\u00f3n.<\/p>\n\n\n\n<p>Record\u00f3 que la canci\u00f3n primero fue grabada por el merenguero Jhonny Ventura y luego por el puertorrique\u00f1o David Pav\u00f3n antes de alcanzar popularidad en voz de Marc Anthony, quien tambi\u00e9n interpret\u00f3 de Arias el \u00e9xito Suceden.<\/p>\n\n\n\n<p>Sobre Suceden revel\u00f3 que en una ocasi\u00f3n la cantante y actriz Jennifer L\u00f3pez le expres\u00f3 que es la canci\u00f3n que m\u00e1s le gustaba y le hab\u00eda impactado de las grabadas por su ex esposo Marc Anthony.<\/p>\n","protected":false},"excerpt":{"rendered":"<p>SANTO DOMINGO, Rep\u00fablica Dominicana.- Querer deshonrar y borrar un legado musical como el que ha dejado V\u00edctor Waill en la Rep\u00fablica Dominicana, es vergonzoso, afirm\u00f3 el cantante de salsa Alberto Mar\u00eda en la red social de Facebook, este mi\u00e9rcoles. \u00abNi en los a\u00f1os m\u00e1s luminosos de los mejores int\u00e9rpretes de Salsa del pa\u00eds (Canario, Raulin, [&hellip;]<\/p>\n","protected":false},"author":1,"featured_media":0,"comment_status":"open","ping_status":"open","sticky":false,"template":"","format":"standard","meta":{"_bbp_topic_count":0,"_bbp_reply_count":0,"_bbp_total_topic_count":0,"_bbp_total_reply_count":0,"_bbp_voice_count":0,"_bbp_anonymous_reply_count":0,"_bbp_topic_count_hidden":0,"_bbp_reply_count_hidden":0,"_bbp_forum_subforum_count":0,"footnotes":""},"categories":[39,60],"tags":[],"class_list":{"0":"post-346562","1":"post","2":"type-post","3":"status-publish","4":"format-standard","6":"category-entretenimiento","7":"category-titulares-del-dia"},"_links":{"self":[{"href":"https:\/\/primermomento.com\/index.php?rest_route=\/wp\/v2\/posts\/346562","targetHints":{"allow":["GET"]}}],"collection":[{"href":"https:\/\/primermomento.com\/index.php?rest_route=\/wp\/v2\/posts"}],"about":[{"href":"https:\/\/primermomento.com\/index.php?rest_route=\/wp\/v2\/types\/post"}],"author":[{"embeddable":true,"href":"https:\/\/primermomento.com\/index.php?rest_route=\/wp\/v2\/users\/1"}],"replies":[{"embeddable":true,"href":"https:\/\/primermomento.com\/index.php?rest_route=%2Fwp%2Fv2%2Fcomments&post=346562"}],"version-history":[{"count":10,"href":"https:\/\/primermomento.com\/index.php?rest_route=\/wp\/v2\/posts\/346562\/revisions"}],"predecessor-version":[{"id":346589,"href":"https:\/\/primermomento.com\/index.php?rest_route=\/wp\/v2\/posts\/346562\/revisions\/346589"}],"wp:attachment":[{"href":"https:\/\/primermomento.com\/index.php?rest_route=%2Fwp%2Fv2%2Fmedia&parent=346562"}],"wp:term":[{"taxonomy":"category","embeddable":true,"href":"https:\/\/primermomento.com\/index.php?rest_route=%2Fwp%2Fv2%2Fcategories&post=346562"},{"taxonomy":"post_tag","embeddable":true,"href":"https:\/\/primermomento.com\/index.php?rest_route=%2Fwp%2Fv2%2Ftags&post=346562"}],"curies":[{"name":"wp","href":"https:\/\/api.w.org\/{rel}","templated":true}]}}