{"id":346852,"date":"2021-06-28T06:03:00","date_gmt":"2021-06-28T10:03:00","guid":{"rendered":"http:\/\/primermomento.com\/?p=346852"},"modified":"2021-06-28T08:37:51","modified_gmt":"2021-06-28T12:37:51","slug":"periodista-denuncia-que-embajador-dominicano-en-la-onu-fue-amenazado","status":"publish","type":"post","link":"https:\/\/primermomento.com\/?p=346852","title":{"rendered":"Periodista desmiente haya amenazado a embajador dominicano en la ONU"},"content":{"rendered":"\n<p>NUEVA YORK, EEUU.- El periodista Ram\u00f3n Mercedes denunci\u00f3 ante los sectores pol\u00edticos,\u00a0 profesionales, empresariales, period\u00edsticos y comunitarios en general de esta ciudad y Rep\u00fablica Dominicana que el embajador dominicano ante la ONU, Carlos Michelen, fue amenazado por desconocidos que dieron a entender que la fuente de origen era el comunicador.<\/p>\n\n\n\n<figure class=\"wp-block-image size-large\"><img loading=\"lazy\" decoding=\"async\" width=\"921\" height=\"378\" src=\"http:\/\/primermomento.com\/wp-content\/uploads\/2021\/06\/Periodista-en-NY-denuncia-a-su-nombre-amenazan-embajador-Michelen.jpg\" alt=\"\" class=\"wp-image-346853\" srcset=\"https:\/\/primermomento.com\/wp-content\/uploads\/2021\/06\/Periodista-en-NY-denuncia-a-su-nombre-amenazan-embajador-Michelen.jpg 921w, https:\/\/primermomento.com\/wp-content\/uploads\/2021\/06\/Periodista-en-NY-denuncia-a-su-nombre-amenazan-embajador-Michelen-300x123.jpg 300w, https:\/\/primermomento.com\/wp-content\/uploads\/2021\/06\/Periodista-en-NY-denuncia-a-su-nombre-amenazan-embajador-Michelen-768x315.jpg 768w, https:\/\/primermomento.com\/wp-content\/uploads\/2021\/06\/Periodista-en-NY-denuncia-a-su-nombre-amenazan-embajador-Michelen-500x205.jpg 500w, https:\/\/primermomento.com\/wp-content\/uploads\/2021\/06\/Periodista-en-NY-denuncia-a-su-nombre-amenazan-embajador-Michelen-280x115.jpg 280w, https:\/\/primermomento.com\/wp-content\/uploads\/2021\/06\/Periodista-en-NY-denuncia-a-su-nombre-amenazan-embajador-Michelen-638x262.jpg 638w, https:\/\/primermomento.com\/wp-content\/uploads\/2021\/06\/Periodista-en-NY-denuncia-a-su-nombre-amenazan-embajador-Michelen-118x48.jpg 118w, https:\/\/primermomento.com\/wp-content\/uploads\/2021\/06\/Periodista-en-NY-denuncia-a-su-nombre-amenazan-embajador-Michelen-479x197.jpg 479w\" sizes=\"auto, (max-width: 921px) 100vw, 921px\" \/><\/figure>\n\n\n\n<p>Todo se produjo luego que Mercedes y Michel\u00e9n conversaran el pasado s\u00e1bado sobre lo que \u00e9ste \u00faltimo expres\u00f3 durante su intervenci\u00f3n en el programa \u201cEl Sol de la Ma\u00f1ana\u201d, montado aqu\u00ed, en relaci\u00f3n al conflicto entre RD y Hait\u00ed por el agua del r\u00edo Masacre.&nbsp;<\/p>\n\n\n\n<p>Michelen, consider\u00f3 que los empresarios dominicanos, en un gesto de honestidad, deben rechazar la idea de privatizar el agua del Masacre \u00abporque es el mayor bien com\u00fan de todo el pueblo\u201d.<\/p>\n\n\n\n<p>A los pocos minutos, el embajador recibi\u00f3 un e-mail aparentemente despachado desde el tel\u00e9fono celular de Mercedes diciendo: \u201cSi eso sale ten la seguridad que tu no vuelve a trabajar nunca m\u00e1s\u201d.<\/p>\n\n\n\n<p>Dicho mensaje&nbsp;deja entrever que ser\u00eda cancelado de la ONU o quiz\u00e1s muerto, precis\u00f3 Mercedes, quien a\u00f1adi\u00f3: \u201cNo tengo el m\u00e1s m\u00ednimo poder de cancelar ni nombrar un simple empleado, mucho menos de amenazar en ese sentido a un embajador ante la ONU\u201d.<\/p>\n\n\n\n<p>\u201cNo lo he amenazado ni a \u00e9l ni a nadie, y la usurpaci\u00f3n de nuestra identidad para hacerle llegar dicha amenaza deja indicar que uno o ambos tel\u00e9fonos est\u00e1n intervenidos\u201d, agreg\u00f3.<\/p>\n\n\n\n<p>Michel\u00e9n, a quien se le identifica como un cient\u00edfico, fue invitado por Mercedes al programa registrando una intervenci\u00f3n que mereci\u00f3 buenas calificaciones.<\/p>\n\n\n\n<p>Entre otras cosas plante\u00f3: \u201cManejar el conflicto con Hait\u00ed sobre el r\u00edo Masacre, es un caso sumamente complejo, porque es un r\u00edo transnacional ya que tiene cuenca tributaria que es binacional, y aunque el r\u00edo nace en RD y transcurre unos 40 kil\u00f3metros de sus 52 y nada m\u00e1s dos en Hait\u00ed, quienes llevan esa agua al r\u00edo son los territorios en la cuenca y Hait\u00ed tiene m\u00e1s del 52%, precis\u00f3.<\/p>\n\n\n\n<p>El lado de RD es mucho mejor que el del vecino pa\u00eds, pero est\u00e1 inmensamente da\u00f1ado tambi\u00e9n, apunt\u00f3.<\/p>\n\n\n\n<p>Preguntado qu\u00e9 le recomendar\u00eda al presidente Luis Abinader, manifest\u00f3: \u201cque antes de empezar a proyectar como dividirnos el agua, que haga todo lo posible por reforestar la parte haitiana\u201d.&nbsp;<\/p>\n\n\n\n<p>\u201cEstamos perdiendo el r\u00edo porque se ha convertido en estacional, y si olvidamos el malestar de aquel lado nos estamos olvidando del bienestar nuestro\u201d, sostuvo.&nbsp;<\/p>\n\n\n\n<p>Sugiri\u00f3 que lo importante es entender la situaci\u00f3n, y para entender la situaci\u00f3n si aquella parte no funciona, la nuestra tampoco, precis\u00f3 Michelen.&nbsp;<\/p>\n\n\n\n<p>\u00abLo de la privatizaci\u00f3n mar\u00edtima no est\u00e1 vinculado a la privatizaci\u00f3n del agua, pero la delimitaci\u00f3n mar\u00edtima tenemos que darnos prisa, porque est\u00e1 pendiente una extensi\u00f3n de la plataforma continental que s\u00ed est\u00e1 sujeta al tiempo, pero no se puede privatizar el agua en RD, porque la ley plantea (Constituci\u00f3n) que el agua es un bien com\u00fan\u00bb, manifest\u00f3.<\/p>\n\n\n\n<p>Explic\u00f3 que el problema del agua radica en que hemos maltratado las cuencas y hemos roto el balance en el drenaje superficial que llega al r\u00edo y el balance subterr\u00e1neo con el drenaje subterr\u00e1neo que llega al r\u00edo, pero la idea es el manejo inapropiado de las cuencas que nos hace pobre de agua\u00bb.<\/p>\n\n\n\n<p>Michel\u00e9n destac\u00f3 que la comunidad internacional, encarnada en el grupo ONU, en otros grupos o pa\u00edses individuales, ha mostrado que tiene vocaci\u00f3n de cooperar con la buena salud ambiental del mundo. Cit\u00f3 como ejemplo a Marruecos, que regal\u00f3 a un pa\u00eds de Am\u00e9rica Latina un bosque entero y opin\u00f3 que la RD puede gestionar viveros costeados desde el exterior y se le pasa al pa\u00eds vecino.<\/p>\n","protected":false},"excerpt":{"rendered":"<p>NUEVA YORK, EEUU.- El periodista Ram\u00f3n Mercedes denunci\u00f3 ante los sectores pol\u00edticos,\u00a0 profesionales, empresariales, period\u00edsticos y comunitarios en general de esta ciudad y Rep\u00fablica Dominicana que el embajador dominicano ante la ONU, Carlos Michelen, fue amenazado por desconocidos que dieron a entender que la fuente de origen era el comunicador. Todo se produjo luego que [&hellip;]<\/p>\n","protected":false},"author":1,"featured_media":0,"comment_status":"open","ping_status":"open","sticky":false,"template":"","format":"standard","meta":{"_bbp_topic_count":0,"_bbp_reply_count":0,"_bbp_total_topic_count":0,"_bbp_total_reply_count":0,"_bbp_voice_count":0,"_bbp_anonymous_reply_count":0,"_bbp_topic_count_hidden":0,"_bbp_reply_count_hidden":0,"_bbp_forum_subforum_count":0,"footnotes":""},"categories":[40,60],"tags":[],"class_list":{"0":"post-346852","1":"post","2":"type-post","3":"status-publish","4":"format-standard","6":"category-comunidad","7":"category-titulares-del-dia"},"_links":{"self":[{"href":"https:\/\/primermomento.com\/index.php?rest_route=\/wp\/v2\/posts\/346852","targetHints":{"allow":["GET"]}}],"collection":[{"href":"https:\/\/primermomento.com\/index.php?rest_route=\/wp\/v2\/posts"}],"about":[{"href":"https:\/\/primermomento.com\/index.php?rest_route=\/wp\/v2\/types\/post"}],"author":[{"embeddable":true,"href":"https:\/\/primermomento.com\/index.php?rest_route=\/wp\/v2\/users\/1"}],"replies":[{"embeddable":true,"href":"https:\/\/primermomento.com\/index.php?rest_route=%2Fwp%2Fv2%2Fcomments&post=346852"}],"version-history":[{"count":2,"href":"https:\/\/primermomento.com\/index.php?rest_route=\/wp\/v2\/posts\/346852\/revisions"}],"predecessor-version":[{"id":346855,"href":"https:\/\/primermomento.com\/index.php?rest_route=\/wp\/v2\/posts\/346852\/revisions\/346855"}],"wp:attachment":[{"href":"https:\/\/primermomento.com\/index.php?rest_route=%2Fwp%2Fv2%2Fmedia&parent=346852"}],"wp:term":[{"taxonomy":"category","embeddable":true,"href":"https:\/\/primermomento.com\/index.php?rest_route=%2Fwp%2Fv2%2Fcategories&post=346852"},{"taxonomy":"post_tag","embeddable":true,"href":"https:\/\/primermomento.com\/index.php?rest_route=%2Fwp%2Fv2%2Ftags&post=346852"}],"curies":[{"name":"wp","href":"https:\/\/api.w.org\/{rel}","templated":true}]}}