{"id":347216,"date":"2021-07-05T12:21:26","date_gmt":"2021-07-05T16:21:26","guid":{"rendered":"http:\/\/primermomento.com\/?p=347216"},"modified":"2021-07-05T12:22:13","modified_gmt":"2021-07-05T16:22:13","slug":"banl-limpian-los-almendros-de-escombros-dejados-por-la-tormenta-elsa","status":"publish","type":"post","link":"https:\/\/primermomento.com\/?p=347216","title":{"rendered":"BAN\u013a | Limpian Los Almendros de los escombros dejados por la tormenta Elsa"},"content":{"rendered":"\n<p>BAN\u013a, Rep\u00fablica Dominicana.- La direcci\u00f3n de Gesti\u00f3n Ambiental del Ayuntamiento Ban\u00ed, procedi\u00f3 en la ma\u00f1ana de este lunes a realizar un operativo de limpieza en los alrededores de Playa Los Almendros, debido a la gran cantidad de desechos s\u00f3lidos, ramas y escombros que el fuerte oleaje arrastr\u00f3 el pasado s\u00e1bado tras el paso de la tormenta Elsa por nuestro territorio.<\/p>\n\n\n\n<div class=\"wp-block-image\"><figure class=\"aligncenter size-large\"><img loading=\"lazy\" decoding=\"async\" width=\"676\" height=\"451\" src=\"http:\/\/primermomento.com\/wp-content\/uploads\/2021\/07\/Limpieza-Los-Almendros-11.jpg\" alt=\"\" class=\"wp-image-347217\" srcset=\"https:\/\/primermomento.com\/wp-content\/uploads\/2021\/07\/Limpieza-Los-Almendros-11.jpg 676w, https:\/\/primermomento.com\/wp-content\/uploads\/2021\/07\/Limpieza-Los-Almendros-11-300x200.jpg 300w, https:\/\/primermomento.com\/wp-content\/uploads\/2021\/07\/Limpieza-Los-Almendros-11-73x50.jpg 73w, https:\/\/primermomento.com\/wp-content\/uploads\/2021\/07\/Limpieza-Los-Almendros-11-500x334.jpg 500w, https:\/\/primermomento.com\/wp-content\/uploads\/2021\/07\/Limpieza-Los-Almendros-11-280x187.jpg 280w, https:\/\/primermomento.com\/wp-content\/uploads\/2021\/07\/Limpieza-Los-Almendros-11-60x40.jpg 60w, https:\/\/primermomento.com\/wp-content\/uploads\/2021\/07\/Limpieza-Los-Almendros-11-638x426.jpg 638w, https:\/\/primermomento.com\/wp-content\/uploads\/2021\/07\/Limpieza-Los-Almendros-11-118x79.jpg 118w, https:\/\/primermomento.com\/wp-content\/uploads\/2021\/07\/Limpieza-Los-Almendros-11-479x320.jpg 479w\" sizes=\"auto, (max-width: 676px) 100vw, 676px\" \/><\/figure><\/div>\n\n\n\n<p>Con palas en manos, carretillas y escobillones, la brigada de Gesti\u00f3n Ambiental que preside Julio Cesar Bobadilla trabajaba arduamente para devolver la limpieza a esa zona tan visitada por los ciudadanos.<\/p>\n\n\n\n<p>El funcionario explic\u00f3 que la jornada abarc\u00f3 el retiro de todos los escombros arrastrados por el fuerte oleaje que se registr\u00f3 el s\u00e1bado y, adem\u00e1s, de algunas ramas que cayeron por los vientos que trajo la tormenta.<\/p>\n\n\n\n<p>Dijo que se procedi\u00f3 a la poda de algunos \u00e1rboles que se encontraban a la entrada de la playa ya que algunas de sus ramas estaban casi en el suelo y constitu\u00edan un peligro para el transe\u00fante.<\/p>\n\n\n\n<p>Bobadilla inform\u00f3 que la brigada que dirige estar\u00e1 retirando en todos los lugares del municipio los escombros y ramas dejados tras el paso de la tormenta, una vez concluidos los trabajos en la playa Los Almendros.<\/p>\n","protected":false},"excerpt":{"rendered":"<p>BAN\u013a, Rep\u00fablica Dominicana.- La direcci\u00f3n de Gesti\u00f3n Ambiental del Ayuntamiento Ban\u00ed, procedi\u00f3 en la ma\u00f1ana de este lunes a realizar un operativo de limpieza en los alrededores de Playa Los Almendros, debido a la gran cantidad de desechos s\u00f3lidos, ramas y escombros que el fuerte oleaje arrastr\u00f3 el pasado s\u00e1bado tras el paso de la [&hellip;]<\/p>\n","protected":false},"author":1,"featured_media":0,"comment_status":"open","ping_status":"open","sticky":false,"template":"","format":"standard","meta":{"_bbp_topic_count":0,"_bbp_reply_count":0,"_bbp_total_topic_count":0,"_bbp_total_reply_count":0,"_bbp_voice_count":0,"_bbp_anonymous_reply_count":0,"_bbp_topic_count_hidden":0,"_bbp_reply_count_hidden":0,"_bbp_forum_subforum_count":0,"footnotes":""},"categories":[60,32],"tags":[],"class_list":{"0":"post-347216","1":"post","2":"type-post","3":"status-publish","4":"format-standard","6":"category-titulares-del-dia","7":"category-lo-ultimo"},"_links":{"self":[{"href":"https:\/\/primermomento.com\/index.php?rest_route=\/wp\/v2\/posts\/347216","targetHints":{"allow":["GET"]}}],"collection":[{"href":"https:\/\/primermomento.com\/index.php?rest_route=\/wp\/v2\/posts"}],"about":[{"href":"https:\/\/primermomento.com\/index.php?rest_route=\/wp\/v2\/types\/post"}],"author":[{"embeddable":true,"href":"https:\/\/primermomento.com\/index.php?rest_route=\/wp\/v2\/users\/1"}],"replies":[{"embeddable":true,"href":"https:\/\/primermomento.com\/index.php?rest_route=%2Fwp%2Fv2%2Fcomments&post=347216"}],"version-history":[{"count":2,"href":"https:\/\/primermomento.com\/index.php?rest_route=\/wp\/v2\/posts\/347216\/revisions"}],"predecessor-version":[{"id":347219,"href":"https:\/\/primermomento.com\/index.php?rest_route=\/wp\/v2\/posts\/347216\/revisions\/347219"}],"wp:attachment":[{"href":"https:\/\/primermomento.com\/index.php?rest_route=%2Fwp%2Fv2%2Fmedia&parent=347216"}],"wp:term":[{"taxonomy":"category","embeddable":true,"href":"https:\/\/primermomento.com\/index.php?rest_route=%2Fwp%2Fv2%2Fcategories&post=347216"},{"taxonomy":"post_tag","embeddable":true,"href":"https:\/\/primermomento.com\/index.php?rest_route=%2Fwp%2Fv2%2Ftags&post=347216"}],"curies":[{"name":"wp","href":"https:\/\/api.w.org\/{rel}","templated":true}]}}