{"id":347267,"date":"2021-07-06T06:35:00","date_gmt":"2021-07-06T10:35:00","guid":{"rendered":"http:\/\/primermomento.com\/?p=347267"},"modified":"2021-07-06T11:36:47","modified_gmt":"2021-07-06T15:36:47","slug":"dominicanos-en-nyc-valoran-designacion-general-aybar-en-santiago","status":"publish","type":"post","link":"https:\/\/primermomento.com\/?p=347267","title":{"rendered":"Dominicanos en NYC valoran designaci\u00f3n general Aybar en Santiago"},"content":{"rendered":"\n<p>NUEVA YORK, EEUU.- Decenas de dominicanos procedente de la provincia de Santiago de los Caballeros y residentes en la Gran Manzana valoran la reci\u00e9n designaci\u00f3n del general policial M\u00e1ximo B\u00e1ez Aybar como nuevo director del Comando Regional Cibao Central, el cual abarca su provincia, de Espaillat y La Vega.<\/p>\n\n\n\n<div class=\"wp-block-image\"><figure class=\"aligncenter size-large\"><img loading=\"lazy\" decoding=\"async\" width=\"616\" height=\"458\" src=\"http:\/\/primermomento.com\/wp-content\/uploads\/2021\/07\/Dominicanos-en-NYC-valoran-designacion-general-Aybar-en-Santiago.jpg\" alt=\"\" class=\"wp-image-347268\" srcset=\"https:\/\/primermomento.com\/wp-content\/uploads\/2021\/07\/Dominicanos-en-NYC-valoran-designacion-general-Aybar-en-Santiago.jpg 616w, https:\/\/primermomento.com\/wp-content\/uploads\/2021\/07\/Dominicanos-en-NYC-valoran-designacion-general-Aybar-en-Santiago-300x223.jpg 300w, https:\/\/primermomento.com\/wp-content\/uploads\/2021\/07\/Dominicanos-en-NYC-valoran-designacion-general-Aybar-en-Santiago-120x90.jpg 120w, https:\/\/primermomento.com\/wp-content\/uploads\/2021\/07\/Dominicanos-en-NYC-valoran-designacion-general-Aybar-en-Santiago-500x372.jpg 500w, https:\/\/primermomento.com\/wp-content\/uploads\/2021\/07\/Dominicanos-en-NYC-valoran-designacion-general-Aybar-en-Santiago-280x208.jpg 280w, https:\/\/primermomento.com\/wp-content\/uploads\/2021\/07\/Dominicanos-en-NYC-valoran-designacion-general-Aybar-en-Santiago-118x88.jpg 118w, https:\/\/primermomento.com\/wp-content\/uploads\/2021\/07\/Dominicanos-en-NYC-valoran-designacion-general-Aybar-en-Santiago-479x356.jpg 479w\" sizes=\"auto, (max-width: 616px) 100vw, 616px\" \/><\/figure><\/div>\n\n\n\n<p>Asimismo, por comprometerse ante los santiagueros en ser implacable con los delincuentes, en combatir el crimen y respetar los derechos de los ciudadanos, como bien proclamar\u00e1 ante las autoridades, comunitarios, pol\u00edticos, empresarios y ciudadanos comunes al tomar posesi\u00f3n.<\/p>\n\n\n\n<p>\u201cLa uniformada estar\u00e1 detr\u00e1s de los antisociales para llevarlos a la prisi\u00f3n, que es a donde pertenecen\u201d, afirm\u00f3 el general.<\/p>\n\n\n\n<p>En un documento, los quisqueyanos consideran que Santiago y dem\u00e1s provincias bajo su direcci\u00f3n estar\u00e1n m\u00e1s seguras porque B\u00e1ez Aybar ha demostrado con su accionar dentro de la instituci\u00f3n del orden que persigue, ataca y combate los delincuentes, sostienen.<\/p>\n\n\n\n<p>El alto oficial de carrera, anunci\u00f3 que establecer\u00e1 servicios preventivos para evitar la realizaci\u00f3n de fiestas clandestinas en violaci\u00f3n a las medidas sanitarias impuestas para evitar la propagaci\u00f3n del coronavirus.<\/p>\n\n\n\n<p>Adem\u00e1s, ha invitado a los representantes de los distintos sectores a trabajar unidos con la instituci\u00f3n, a\u00f1adiendo, que el objetivo de integrar a la poblaci\u00f3n civil a su gesti\u00f3n es para identificar cu\u00e1les son las debilidades y fortalezas que tiene la uniformada en las provincias que abarca la Direcci\u00f3n Regional Cibao Central.<\/p>\n\n\n\n<p>Entre los firmantes del documento figuran Anthony Herrera, Mart\u00edn Rosario, Miguelina de los Santos, Rodolfo Rivera, Jos\u00e9 A. Calca\u00f1o, Wilfredo Rojas, Carmen de Hern\u00e1ndez, Catalino Morel, Ernesto Barrientos, Juan Lu\u00eds Alc\u00e1ntara, Emilio Rojas, Augusto Torres, An\u00edbal Caminero, y William Castro.<\/p>\n\n\n\n<p>Asimismo, Juana Valdez, Emiliano L\u00f3pez, Mildred de Mena, Hip\u00f3lito Encarnaci\u00f3n, David Parra, Alberto de la Hoz, Wilfrido Dom\u00ednguez, Leopoldo Espaillat, Claudio Mej\u00eda, Antol\u00edn Mat\u00edas, Adalgisa Pe\u00f1a, y Michael Rodr\u00edguez, entre otros.<\/p>\n\n\n\n<p class=\"has-text-align-right\"><em>Ram\u00f3n Mercedes<\/em><\/p>\n","protected":false},"excerpt":{"rendered":"<p>NUEVA YORK, EEUU.- Decenas de dominicanos procedente de la provincia de Santiago de los Caballeros y residentes en la Gran Manzana valoran la reci\u00e9n designaci\u00f3n del general policial M\u00e1ximo B\u00e1ez Aybar como nuevo director del Comando Regional Cibao Central, el cual abarca su provincia, de Espaillat y La Vega. Asimismo, por comprometerse ante los santiagueros [&hellip;]<\/p>\n","protected":false},"author":1,"featured_media":0,"comment_status":"open","ping_status":"open","sticky":false,"template":"","format":"standard","meta":{"_bbp_topic_count":0,"_bbp_reply_count":0,"_bbp_total_topic_count":0,"_bbp_total_reply_count":0,"_bbp_voice_count":0,"_bbp_anonymous_reply_count":0,"_bbp_topic_count_hidden":0,"_bbp_reply_count_hidden":0,"_bbp_forum_subforum_count":0,"footnotes":""},"categories":[40,60],"tags":[],"class_list":{"0":"post-347267","1":"post","2":"type-post","3":"status-publish","4":"format-standard","6":"category-comunidad","7":"category-titulares-del-dia"},"_links":{"self":[{"href":"https:\/\/primermomento.com\/index.php?rest_route=\/wp\/v2\/posts\/347267","targetHints":{"allow":["GET"]}}],"collection":[{"href":"https:\/\/primermomento.com\/index.php?rest_route=\/wp\/v2\/posts"}],"about":[{"href":"https:\/\/primermomento.com\/index.php?rest_route=\/wp\/v2\/types\/post"}],"author":[{"embeddable":true,"href":"https:\/\/primermomento.com\/index.php?rest_route=\/wp\/v2\/users\/1"}],"replies":[{"embeddable":true,"href":"https:\/\/primermomento.com\/index.php?rest_route=%2Fwp%2Fv2%2Fcomments&post=347267"}],"version-history":[{"count":1,"href":"https:\/\/primermomento.com\/index.php?rest_route=\/wp\/v2\/posts\/347267\/revisions"}],"predecessor-version":[{"id":347269,"href":"https:\/\/primermomento.com\/index.php?rest_route=\/wp\/v2\/posts\/347267\/revisions\/347269"}],"wp:attachment":[{"href":"https:\/\/primermomento.com\/index.php?rest_route=%2Fwp%2Fv2%2Fmedia&parent=347267"}],"wp:term":[{"taxonomy":"category","embeddable":true,"href":"https:\/\/primermomento.com\/index.php?rest_route=%2Fwp%2Fv2%2Fcategories&post=347267"},{"taxonomy":"post_tag","embeddable":true,"href":"https:\/\/primermomento.com\/index.php?rest_route=%2Fwp%2Fv2%2Ftags&post=347267"}],"curies":[{"name":"wp","href":"https:\/\/api.w.org\/{rel}","templated":true}]}}