{"id":347339,"date":"2021-07-07T07:00:00","date_gmt":"2021-07-07T11:00:00","guid":{"rendered":"http:\/\/primermomento.com\/?p=347339"},"modified":"2021-07-07T12:20:43","modified_gmt":"2021-07-07T16:20:43","slug":"camara-de-comercio-efectuara-feria-dominican-taste-festival-2021","status":"publish","type":"post","link":"https:\/\/primermomento.com\/?p=347339","title":{"rendered":"C\u00e1mara de Comercio efectuar\u00e1 feria Dominican Taste Festival 2021"},"content":{"rendered":"\n<p>NUEVA YORK, EEUU.- La C\u00e1mara de Comercio Dominicana en USA, que dirige Elida Almonte, efectuar\u00e1 los pr\u00f3ximos d\u00edas 24 y 25 en El Bronx,&nbsp;&nbsp;a partir de las 10:00 AM,&nbsp;&nbsp;la feria \u201cDominican Taste Festival 2021\u201d, dedicada a la provincia de La Altagracia (Hig\u00fcey).<\/p>\n\n\n\n<div class=\"wp-block-image\"><figure class=\"aligncenter size-large\"><img loading=\"lazy\" decoding=\"async\" width=\"677\" height=\"355\" src=\"http:\/\/primermomento.com\/wp-content\/uploads\/2021\/07\/Alarma-a-comunidad-dominicana-USA-desaparicion-de-un-joven-connacional.......jpg\" alt=\"\" class=\"wp-image-347340\" srcset=\"https:\/\/primermomento.com\/wp-content\/uploads\/2021\/07\/Alarma-a-comunidad-dominicana-USA-desaparicion-de-un-joven-connacional.......jpg 677w, https:\/\/primermomento.com\/wp-content\/uploads\/2021\/07\/Alarma-a-comunidad-dominicana-USA-desaparicion-de-un-joven-connacional......-300x157.jpg 300w, https:\/\/primermomento.com\/wp-content\/uploads\/2021\/07\/Alarma-a-comunidad-dominicana-USA-desaparicion-de-un-joven-connacional......-500x262.jpg 500w, https:\/\/primermomento.com\/wp-content\/uploads\/2021\/07\/Alarma-a-comunidad-dominicana-USA-desaparicion-de-un-joven-connacional......-280x147.jpg 280w, https:\/\/primermomento.com\/wp-content\/uploads\/2021\/07\/Alarma-a-comunidad-dominicana-USA-desaparicion-de-un-joven-connacional......-638x335.jpg 638w, https:\/\/primermomento.com\/wp-content\/uploads\/2021\/07\/Alarma-a-comunidad-dominicana-USA-desaparicion-de-un-joven-connacional......-118x62.jpg 118w, https:\/\/primermomento.com\/wp-content\/uploads\/2021\/07\/Alarma-a-comunidad-dominicana-USA-desaparicion-de-un-joven-connacional......-479x251.jpg 479w\" sizes=\"auto, (max-width: 677px) 100vw, 677px\" \/><\/figure><\/div>\n\n\n\n<p>Las autoridades de dicha provincia est\u00e1n preparando una gran exhibici\u00f3n de todo lo que los representa como pueblo. La comisi\u00f3n hig\u00fceyana estar\u00e1 representada por el alcalde Rafael Bar\u00f3n Duluc (Cholit\u00edn).<\/p>\n\n\n\n<p>La misma ser\u00e1 en honor al ingeniero Dar\u00edo Yunes, por su trayectoria y aportes al desarrollo de Hig\u00fcey, adem\u00e1s por su contribuci\u00f3n a la cultura culinaria criolla a trav\u00e9s del festival de la yuca.<\/p>\n\n\n\n<p>Asimismo, la entidad celebrar\u00e1 el pr\u00f3ximo jueves d\u00eda 22, de 7:00 a 11:00 PM, una cena de gala en el exclusivo local \u201cMaestro&#8217;s Caterers Banquet Hall\u201d, ubicado en el 1703 de la avenida Bronxdale, en el mencionado condado.<\/p>\n\n\n\n<p>Tambi\u00e9n sostendr\u00e1 un encuentro con la prensa, el pr\u00f3ximo lunes 19 a partir de las 6:00 de la tarde, en el restaurant \u201cCasa del Mar\u201d, ubicado en el 1779 de la avenida Webster con la autopista Cross Bronx<\/p>\n\n\n\n<p>Esta feria tendr\u00e1 el patrocinio, seg\u00fan el documento de prensa enviado por la propia Almonte, del Consulado Dominicano; el Ministerio de Agricultura de la RD; Cibao Meat Products, y las Asociaciones Nacional de Supermercados (NSA) en los EUA; de Bodegueros y Restaurantes.<\/p>\n\n\n\n<p>Tambi\u00e9n de la Fundaci\u00f3n \u201cEsperanza Internacional\u201d; las estrellas del b\u00e9isbol Omar Minaya (Mets) y Ray Negr\u00f3n (Yankees), as\u00ed como otras figuras de MLB, que dicen apoyar los objetivos del \u201cDominican Taste Festival\u201d.<\/p>\n\n\n\n<p>La comunidad en general est\u00e1 invitada a participar, \u201cvenga con su familia a disfrutar de la calidad de los productos nacionales y la grandeza de la cultura quisqueyana, en un evento hist\u00f3rico, cargado de alegr\u00eda y sabor a pueblo, dijo Almonte<\/p>\n\n\n\n<p>Para mayor informaci\u00f3n (646) 326-6052<\/p>\n\n\n\n<p class=\"has-text-align-right\"><em>Ram\u00f3n Mercedes<\/em> <\/p>\n","protected":false},"excerpt":{"rendered":"<p>NUEVA YORK, EEUU.- La C\u00e1mara de Comercio Dominicana en USA, que dirige Elida Almonte, efectuar\u00e1 los pr\u00f3ximos d\u00edas 24 y 25 en El Bronx,&nbsp;&nbsp;a partir de las 10:00 AM,&nbsp;&nbsp;la feria \u201cDominican Taste Festival 2021\u201d, dedicada a la provincia de La Altagracia (Hig\u00fcey). Las autoridades de dicha provincia est\u00e1n preparando una gran exhibici\u00f3n de todo lo [&hellip;]<\/p>\n","protected":false},"author":1,"featured_media":0,"comment_status":"open","ping_status":"open","sticky":false,"template":"","format":"standard","meta":{"_bbp_topic_count":0,"_bbp_reply_count":0,"_bbp_total_topic_count":0,"_bbp_total_reply_count":0,"_bbp_voice_count":0,"_bbp_anonymous_reply_count":0,"_bbp_topic_count_hidden":0,"_bbp_reply_count_hidden":0,"_bbp_forum_subforum_count":0,"footnotes":""},"categories":[40,60],"tags":[],"class_list":{"0":"post-347339","1":"post","2":"type-post","3":"status-publish","4":"format-standard","6":"category-comunidad","7":"category-titulares-del-dia"},"_links":{"self":[{"href":"https:\/\/primermomento.com\/index.php?rest_route=\/wp\/v2\/posts\/347339","targetHints":{"allow":["GET"]}}],"collection":[{"href":"https:\/\/primermomento.com\/index.php?rest_route=\/wp\/v2\/posts"}],"about":[{"href":"https:\/\/primermomento.com\/index.php?rest_route=\/wp\/v2\/types\/post"}],"author":[{"embeddable":true,"href":"https:\/\/primermomento.com\/index.php?rest_route=\/wp\/v2\/users\/1"}],"replies":[{"embeddable":true,"href":"https:\/\/primermomento.com\/index.php?rest_route=%2Fwp%2Fv2%2Fcomments&post=347339"}],"version-history":[{"count":2,"href":"https:\/\/primermomento.com\/index.php?rest_route=\/wp\/v2\/posts\/347339\/revisions"}],"predecessor-version":[{"id":347342,"href":"https:\/\/primermomento.com\/index.php?rest_route=\/wp\/v2\/posts\/347339\/revisions\/347342"}],"wp:attachment":[{"href":"https:\/\/primermomento.com\/index.php?rest_route=%2Fwp%2Fv2%2Fmedia&parent=347339"}],"wp:term":[{"taxonomy":"category","embeddable":true,"href":"https:\/\/primermomento.com\/index.php?rest_route=%2Fwp%2Fv2%2Fcategories&post=347339"},{"taxonomy":"post_tag","embeddable":true,"href":"https:\/\/primermomento.com\/index.php?rest_route=%2Fwp%2Fv2%2Ftags&post=347339"}],"curies":[{"name":"wp","href":"https:\/\/api.w.org\/{rel}","templated":true}]}}