{"id":347440,"date":"2021-07-08T05:46:00","date_gmt":"2021-07-08T09:46:00","guid":{"rendered":"http:\/\/primermomento.com\/?p=347440"},"modified":"2021-07-08T14:49:30","modified_gmt":"2021-07-08T18:49:30","slug":"dominicanos-se-beneficiaran-de-campamentos-de-verano","status":"publish","type":"post","link":"https:\/\/primermomento.com\/?p=347440","title":{"rendered":"Dominicanos se beneficiar\u00e1n de campamentos de verano"},"content":{"rendered":"\n<p>NUEVA YORK, EEUU.- La poblaci\u00f3n escolar neoyorkina, calculada en un mill\u00f3n 100 mil estudiantes, entre ellos decenas de miles de dominicanos, luego de meses de enfrentar encierro por la pandemia, podr\u00e1n beneficiarse de m\u00e1s de 800 campamentos de verano abierto en los cinco condados de esta ciudad.<\/p>\n\n\n\n<div class=\"wp-block-image\"><figure class=\"aligncenter size-large\"><img loading=\"lazy\" decoding=\"async\" width=\"702\" height=\"491\" src=\"http:\/\/primermomento.com\/wp-content\/uploads\/2021\/07\/Abren-campamento-de-verano-para-estudiantes-en-NYC_-dominicanos-podrian-beneficiarse.jpg\" alt=\"\" class=\"wp-image-347441\" srcset=\"https:\/\/primermomento.com\/wp-content\/uploads\/2021\/07\/Abren-campamento-de-verano-para-estudiantes-en-NYC_-dominicanos-podrian-beneficiarse.jpg 702w, https:\/\/primermomento.com\/wp-content\/uploads\/2021\/07\/Abren-campamento-de-verano-para-estudiantes-en-NYC_-dominicanos-podrian-beneficiarse-300x210.jpg 300w, https:\/\/primermomento.com\/wp-content\/uploads\/2021\/07\/Abren-campamento-de-verano-para-estudiantes-en-NYC_-dominicanos-podrian-beneficiarse-73x50.jpg 73w, https:\/\/primermomento.com\/wp-content\/uploads\/2021\/07\/Abren-campamento-de-verano-para-estudiantes-en-NYC_-dominicanos-podrian-beneficiarse-110x77.jpg 110w, https:\/\/primermomento.com\/wp-content\/uploads\/2021\/07\/Abren-campamento-de-verano-para-estudiantes-en-NYC_-dominicanos-podrian-beneficiarse-500x350.jpg 500w, https:\/\/primermomento.com\/wp-content\/uploads\/2021\/07\/Abren-campamento-de-verano-para-estudiantes-en-NYC_-dominicanos-podrian-beneficiarse-280x196.jpg 280w, https:\/\/primermomento.com\/wp-content\/uploads\/2021\/07\/Abren-campamento-de-verano-para-estudiantes-en-NYC_-dominicanos-podrian-beneficiarse-638x446.jpg 638w, https:\/\/primermomento.com\/wp-content\/uploads\/2021\/07\/Abren-campamento-de-verano-para-estudiantes-en-NYC_-dominicanos-podrian-beneficiarse-118x83.jpg 118w, https:\/\/primermomento.com\/wp-content\/uploads\/2021\/07\/Abren-campamento-de-verano-para-estudiantes-en-NYC_-dominicanos-podrian-beneficiarse-479x335.jpg 479w\" sizes=\"auto, (max-width: 702px) 100vw, 702px\" \/><\/figure><\/div>\n\n\n\n<p>Bajo el programa \u201cSummer Rissing\u201d, se ofrecer\u00e1n actividades educativas y de recreaci\u00f3n a estudiantes desde K hasta el octavo grado, adem\u00e1s est\u00e1n disponible para alumnos con discapacidades, informaron las autoridades neoyorkinas.<\/p>\n\n\n\n<p>Asimismo, los estudiantes tendr\u00e1n lecciones especiales y se relacionar\u00e1n con sus compa\u00f1eros y maestros. Este programa proporcionar\u00e1 un puente hacia el pr\u00f3ximo a\u00f1o escolar y permitir\u00e1 a los estudiantes volver a conectarse entre s\u00ed y con sus escuelas.<\/p>\n\n\n\n<p>Quienes opten por integrarse recibir\u00e1n lecciones en \u00e1reas clave, mientras se les proporciona actividades para la recreaci\u00f3n, la exploraci\u00f3n, arte, diversi\u00f3n y apoyo emocional.<\/p>\n\n\n\n<p>Todos los programas en el interior y en el exterior de las aulas seguir\u00e1n rigurosos protocolos de salud y seguridad, incluido el distanciamiento social y el uso de m\u00e1scaras. Tambi\u00e9n, se realizar\u00e1n&nbsp;pruebas aleatorias de COVID-19&nbsp;al 10% de los estudiantes y el personal cada dos semanas.<\/p>\n\n\n\n<p>Los ni\u00f1os tienen todav\u00eda la oportunidad de completar la documentaci\u00f3n necesaria cuando asista al sitio del campamento.<\/p>\n\n\n\n<p>Los estudiantes que a\u00fan no se hayan inscrito, pueden asistir al programa relacionado con su escuela o al programa \u201cSummer Rising\u201d que les&nbsp;resulte m\u00e1s conveniente.<\/p>\n\n\n\n<p>Todos los programas son&nbsp;gratis e incluyen los alimentos.<\/p>\n\n\n\n<p>Los interesados pueden inscribirse a trav\u00e9s de:&nbsp;<a href=\"http:\/\/nyc.gov\/summerrising\" rel=\"noreferrer noopener\" target=\"_blank\">http:\/\/nyc.gov\/summerrising<\/a><\/p>\n\n\n\n<p>Este plan vacacional de verano es ideado por el Departamento de Educaci\u00f3n de la ciudad de Nueva York (DOE) y el Departamento de Desarrollo de la Juventud y la Comunidad (DYCD).<\/p>\n\n\n\n<p class=\"has-text-align-right\"><em>Ram\u00f3n Mercedes<\/em><\/p>\n","protected":false},"excerpt":{"rendered":"<p>NUEVA YORK, EEUU.- La poblaci\u00f3n escolar neoyorkina, calculada en un mill\u00f3n 100 mil estudiantes, entre ellos decenas de miles de dominicanos, luego de meses de enfrentar encierro por la pandemia, podr\u00e1n beneficiarse de m\u00e1s de 800 campamentos de verano abierto en los cinco condados de esta ciudad. Bajo el programa \u201cSummer Rissing\u201d, se ofrecer\u00e1n actividades [&hellip;]<\/p>\n","protected":false},"author":1,"featured_media":0,"comment_status":"open","ping_status":"open","sticky":false,"template":"","format":"standard","meta":{"_bbp_topic_count":0,"_bbp_reply_count":0,"_bbp_total_topic_count":0,"_bbp_total_reply_count":0,"_bbp_voice_count":0,"_bbp_anonymous_reply_count":0,"_bbp_topic_count_hidden":0,"_bbp_reply_count_hidden":0,"_bbp_forum_subforum_count":0,"footnotes":""},"categories":[40],"tags":[],"class_list":{"0":"post-347440","1":"post","2":"type-post","3":"status-publish","4":"format-standard","6":"category-comunidad"},"_links":{"self":[{"href":"https:\/\/primermomento.com\/index.php?rest_route=\/wp\/v2\/posts\/347440","targetHints":{"allow":["GET"]}}],"collection":[{"href":"https:\/\/primermomento.com\/index.php?rest_route=\/wp\/v2\/posts"}],"about":[{"href":"https:\/\/primermomento.com\/index.php?rest_route=\/wp\/v2\/types\/post"}],"author":[{"embeddable":true,"href":"https:\/\/primermomento.com\/index.php?rest_route=\/wp\/v2\/users\/1"}],"replies":[{"embeddable":true,"href":"https:\/\/primermomento.com\/index.php?rest_route=%2Fwp%2Fv2%2Fcomments&post=347440"}],"version-history":[{"count":1,"href":"https:\/\/primermomento.com\/index.php?rest_route=\/wp\/v2\/posts\/347440\/revisions"}],"predecessor-version":[{"id":347442,"href":"https:\/\/primermomento.com\/index.php?rest_route=\/wp\/v2\/posts\/347440\/revisions\/347442"}],"wp:attachment":[{"href":"https:\/\/primermomento.com\/index.php?rest_route=%2Fwp%2Fv2%2Fmedia&parent=347440"}],"wp:term":[{"taxonomy":"category","embeddable":true,"href":"https:\/\/primermomento.com\/index.php?rest_route=%2Fwp%2Fv2%2Fcategories&post=347440"},{"taxonomy":"post_tag","embeddable":true,"href":"https:\/\/primermomento.com\/index.php?rest_route=%2Fwp%2Fv2%2Ftags&post=347440"}],"curies":[{"name":"wp","href":"https:\/\/api.w.org\/{rel}","templated":true}]}}