{"id":347470,"date":"2021-07-09T07:19:00","date_gmt":"2021-07-09T11:19:00","guid":{"rendered":"http:\/\/primermomento.com\/?p=347470"},"modified":"2021-07-09T08:22:03","modified_gmt":"2021-07-09T12:22:03","slug":"dominicana-posesionada-como-presidente-de-un-community-college","status":"publish","type":"post","link":"https:\/\/primermomento.com\/?p=347470","title":{"rendered":"Dominicana posesionada como presidente de un Community College"},"content":{"rendered":"\n<p>NUEVA YORK, EEUU.- La dominicana Daisy Cocco De Filipis fue posesionada\u00a0como presidente permanente de Eugenio Mar\u00eda de Hostos\u00a0Community College,\u00a0universidad radicada en El Bronx.<\/p>\n\n\n\n<div class=\"wp-block-image\"><figure class=\"aligncenter size-large\"><img loading=\"lazy\" decoding=\"async\" width=\"458\" height=\"447\" src=\"http:\/\/primermomento.com\/wp-content\/uploads\/2021\/07\/Dominicana-presidira-universidad-en-NYC.jpg\" alt=\"\" class=\"wp-image-347471\" srcset=\"https:\/\/primermomento.com\/wp-content\/uploads\/2021\/07\/Dominicana-presidira-universidad-en-NYC.jpg 458w, https:\/\/primermomento.com\/wp-content\/uploads\/2021\/07\/Dominicana-presidira-universidad-en-NYC-300x293.jpg 300w, https:\/\/primermomento.com\/wp-content\/uploads\/2021\/07\/Dominicana-presidira-universidad-en-NYC-50x50.jpg 50w, https:\/\/primermomento.com\/wp-content\/uploads\/2021\/07\/Dominicana-presidira-universidad-en-NYC-225x220.jpg 225w, https:\/\/primermomento.com\/wp-content\/uploads\/2021\/07\/Dominicana-presidira-universidad-en-NYC-118x115.jpg 118w, https:\/\/primermomento.com\/wp-content\/uploads\/2021\/07\/Dominicana-presidira-universidad-en-NYC-30x30.jpg 30w\" sizes=\"auto, (max-width: 458px) 100vw, 458px\" \/><\/figure><\/div>\n\n\n\n<p>Cocco De Filipis se convierte en la primera persona dominicana en dirigir un centro superior de estudio del sistema de universidades de la ciudad de NY (CUNY), el m\u00e1s grande en los Estados Unidos.<\/p>\n\n\n\n<p>Sirvi\u00f3 en este centro de estudio como Rectora y Vicepresidenta Senior de Asuntos Acad\u00e9micos, entre el 2002 a 2008. Regres\u00f3 a Hostos el 1 de agosto de 2020 como presidente interino despu\u00e9s de un mandato de 12 a\u00f1os como presidente de Naugatuck Valley Community College, en Connecticut.<\/p>\n\n\n\n<p>\u201cEs un honor servir a nuestro querido Hostos Community College como su pr\u00f3ximo presidente. Agradezco el voto de confianza del Canciller F\u00e9lix V. Matos Rodr\u00edguez; la Junta Directiva de CUNY; el Honorable William Thompson, presidente; y la honorable Mayra Linares, presidente del Comit\u00e9 de Selecci\u00f3n\u201d, dijo Cocco De Filippis sobre su nombramiento.<\/p>\n\n\n\n<p>Ana Garc\u00eda Reyes, decana asociada de Hostos, dijo que para la comunidad hispana sobre todo la dominicana es una gran noticia.<\/p>\n\n\n\n<p>La doctora Cocco De Filipis, tiene una historia de vida de muy alto ya que se ha destacado en varias facetas, pero por igual a contribuido en gran medida al fortalecimiento y desarrollo multi-cultural, multi-acad\u00e9mico de los Estados Unidos de Norteam\u00e9rica, manifest\u00f3 Garc\u00eda Reyes.<\/p>\n\n\n\n<p>Hostos Community College, con m\u00e1s de siete mil estudiantes, 400 profesores, posee 10 carreras acad\u00e9micos diferentes que ofrecen 27 t\u00edtulos de nivel asociado, entre ellos Aliados de la Salud, Ciencias sociales y del comportamiento, Negocio, Educaci\u00f3n, ingl\u00e9s, Humanidades, Lenguaje y Cognici\u00f3n, Biblioteca, Matem\u00e1ticas, y Ciencias Naturales<\/p>\n\n\n\n<p>La demograf\u00eda estudiantil est\u00e1 compuesta en un 57,1 % por alumnos hispanos, siendo la mayor\u00eda de ellos de origen dominicano. El 21,2% Negro no hispano; 0.4 % Ind\u00edgena Americano y nativo de Alaska; 2,2% asi\u00e1tico e isle\u00f1o del Pac\u00edfico; Blanco no hispano 1.3%; y otros 17,6%.<\/p>\n\n\n\n<p class=\"has-text-align-right\"><em>Ram\u00f3n Mercedes<\/em><\/p>\n","protected":false},"excerpt":{"rendered":"<p>NUEVA YORK, EEUU.- La dominicana Daisy Cocco De Filipis fue posesionada\u00a0como presidente permanente de Eugenio Mar\u00eda de Hostos\u00a0Community College,\u00a0universidad radicada en El Bronx. Cocco De Filipis se convierte en la primera persona dominicana en dirigir un centro superior de estudio del sistema de universidades de la ciudad de NY (CUNY), el m\u00e1s grande en los [&hellip;]<\/p>\n","protected":false},"author":1,"featured_media":0,"comment_status":"open","ping_status":"open","sticky":false,"template":"","format":"standard","meta":{"_bbp_topic_count":0,"_bbp_reply_count":0,"_bbp_total_topic_count":0,"_bbp_total_reply_count":0,"_bbp_voice_count":0,"_bbp_anonymous_reply_count":0,"_bbp_topic_count_hidden":0,"_bbp_reply_count_hidden":0,"_bbp_forum_subforum_count":0,"footnotes":""},"categories":[40,60],"tags":[],"class_list":{"0":"post-347470","1":"post","2":"type-post","3":"status-publish","4":"format-standard","6":"category-comunidad","7":"category-titulares-del-dia"},"_links":{"self":[{"href":"https:\/\/primermomento.com\/index.php?rest_route=\/wp\/v2\/posts\/347470","targetHints":{"allow":["GET"]}}],"collection":[{"href":"https:\/\/primermomento.com\/index.php?rest_route=\/wp\/v2\/posts"}],"about":[{"href":"https:\/\/primermomento.com\/index.php?rest_route=\/wp\/v2\/types\/post"}],"author":[{"embeddable":true,"href":"https:\/\/primermomento.com\/index.php?rest_route=\/wp\/v2\/users\/1"}],"replies":[{"embeddable":true,"href":"https:\/\/primermomento.com\/index.php?rest_route=%2Fwp%2Fv2%2Fcomments&post=347470"}],"version-history":[{"count":1,"href":"https:\/\/primermomento.com\/index.php?rest_route=\/wp\/v2\/posts\/347470\/revisions"}],"predecessor-version":[{"id":347472,"href":"https:\/\/primermomento.com\/index.php?rest_route=\/wp\/v2\/posts\/347470\/revisions\/347472"}],"wp:attachment":[{"href":"https:\/\/primermomento.com\/index.php?rest_route=%2Fwp%2Fv2%2Fmedia&parent=347470"}],"wp:term":[{"taxonomy":"category","embeddable":true,"href":"https:\/\/primermomento.com\/index.php?rest_route=%2Fwp%2Fv2%2Fcategories&post=347470"},{"taxonomy":"post_tag","embeddable":true,"href":"https:\/\/primermomento.com\/index.php?rest_route=%2Fwp%2Fv2%2Ftags&post=347470"}],"curies":[{"name":"wp","href":"https:\/\/api.w.org\/{rel}","templated":true}]}}