{"id":347611,"date":"2021-07-12T07:51:00","date_gmt":"2021-07-12T11:51:00","guid":{"rendered":"http:\/\/primermomento.com\/?p=347611"},"modified":"2021-07-12T20:54:26","modified_gmt":"2021-07-13T00:54:26","slug":"sacerdote-denuncia-que-15-crimenes-sin-resolver-ha-alarmado-comunidad","status":"publish","type":"post","link":"https:\/\/primermomento.com\/?p=347611","title":{"rendered":"Sacerdote denuncia que 15 cr\u00edmenes sin resolver ha alarmado comunidad"},"content":{"rendered":"\n<p>NUEVA YORK, EEUU.- La reci\u00e9n denuncia del sacerdote de la Parroquia San Antonio de Padua del Municipio de Villa Riva, provincia Duarte, de que en ese lugar y el cercano pueblo de Arenoso han ocurrido 15 cr\u00edmenes no resuelto por las autoridades correspondientes, mantiene alarmado a villarivenses residentes en NYC<\/p>\n\n\n\n<div class=\"wp-block-image\"><figure class=\"aligncenter size-large\"><img loading=\"lazy\" decoding=\"async\" width=\"574\" height=\"323\" src=\"http:\/\/primermomento.com\/wp-content\/uploads\/2021\/07\/Denuncia-de-sacerdote-Villa-Riva-sobre-15-crimenes-sin-resolver-alarma-villarivenses-en-NYC.jpg\" alt=\"\" class=\"wp-image-347612\" srcset=\"https:\/\/primermomento.com\/wp-content\/uploads\/2021\/07\/Denuncia-de-sacerdote-Villa-Riva-sobre-15-crimenes-sin-resolver-alarma-villarivenses-en-NYC.jpg 574w, https:\/\/primermomento.com\/wp-content\/uploads\/2021\/07\/Denuncia-de-sacerdote-Villa-Riva-sobre-15-crimenes-sin-resolver-alarma-villarivenses-en-NYC-300x169.jpg 300w, https:\/\/primermomento.com\/wp-content\/uploads\/2021\/07\/Denuncia-de-sacerdote-Villa-Riva-sobre-15-crimenes-sin-resolver-alarma-villarivenses-en-NYC-478x270.jpg 478w, https:\/\/primermomento.com\/wp-content\/uploads\/2021\/07\/Denuncia-de-sacerdote-Villa-Riva-sobre-15-crimenes-sin-resolver-alarma-villarivenses-en-NYC-500x281.jpg 500w, https:\/\/primermomento.com\/wp-content\/uploads\/2021\/07\/Denuncia-de-sacerdote-Villa-Riva-sobre-15-crimenes-sin-resolver-alarma-villarivenses-en-NYC-280x158.jpg 280w, https:\/\/primermomento.com\/wp-content\/uploads\/2021\/07\/Denuncia-de-sacerdote-Villa-Riva-sobre-15-crimenes-sin-resolver-alarma-villarivenses-en-NYC-118x66.jpg 118w, https:\/\/primermomento.com\/wp-content\/uploads\/2021\/07\/Denuncia-de-sacerdote-Villa-Riva-sobre-15-crimenes-sin-resolver-alarma-villarivenses-en-NYC-479x270.jpg 479w\" sizes=\"auto, (max-width: 574px) 100vw, 574px\" \/><\/figure><\/div>\n\n\n\n<p>El sacerdote Norverto Rosario, en presencia de altas autoridades de la naci\u00f3n, les se\u00f1al\u00f3 que desde diciembre del 2019 a la fecha se han registrado 15 asesinatos entre ambas poblaciones, los cuales no han sido esclarecido por las autoridades.<\/p>\n\n\n\n<p>Rosario hizo menci\u00f3n al azar de algunos casos, entre los cuales destac\u00f3 los tres j\u00f3venes encontrados decapitados dentro de sacos en el r\u00edo Yuna por Arenoso, los cuatros fallecidos en la masacre en el distrito municipal de Guaraguao y el profesor Francisco Castro Mej\u00eda (Papito) en la localidad de Chiringo.<\/p>\n\n\n\n<p>El sacerdote dijo que en mayo de este a\u00f1o la fiscal titular de la provincia Duarte, Esmaily Rodr\u00edguez, le prometi\u00f3 darles respuesta a los distintos cr\u00edmenes ocurridos en la zona que est\u00e1n pendientes de esclarecer.<\/p>\n\n\n\n<p>Rosario se expres\u00f3 as\u00ed durante una \u201cmesa de di\u00e1logo\u201d efectuada en San Francisco de Macor\u00eds, donde participaron el Ministro de Interior y Polic\u00eda, Jes\u00fas -Ch\u00fa- V\u00e1squez, la gobernadora provincial, Ana Xiomara Cort\u00e9s, la magistrada fiscal titular del distrito judicial de Duarte, Esmail\u00edn Rodr\u00edguez, y el comandante de la Polic\u00eda, general de brigada Juan Pablo Ferreira Veras.<\/p>\n\n\n\n<p>Entre las personas procedentes de Villa Riva y residentes en la Gran Manzana figura el autor de esta cr\u00f3nica, oriundo de esa comarca, Andr\u00e9s G\u00f3mez, Pedro Pablo Guti\u00e9rrez, Salvador Bautista, Awilda Contreras, Damaris de Ortega, Mildred Rivera, Dar\u00edo Rosario, Wilson de Jes\u00fas, Jos\u00e9 Mar\u00eda Tiburcio, Kelvin Matos, Leandro Liberato, y Alejandro Rojas, entre otros.<\/p>\n\n\n\n<p class=\"has-text-align-right\"><em>Ram\u00f3n Mercedes<\/em><\/p>\n","protected":false},"excerpt":{"rendered":"<p>NUEVA YORK, EEUU.- La reci\u00e9n denuncia del sacerdote de la Parroquia San Antonio de Padua del Municipio de Villa Riva, provincia Duarte, de que en ese lugar y el cercano pueblo de Arenoso han ocurrido 15 cr\u00edmenes no resuelto por las autoridades correspondientes, mantiene alarmado a villarivenses residentes en NYC El sacerdote Norverto Rosario, en [&hellip;]<\/p>\n","protected":false},"author":1,"featured_media":0,"comment_status":"open","ping_status":"open","sticky":false,"template":"","format":"standard","meta":{"_bbp_topic_count":0,"_bbp_reply_count":0,"_bbp_total_topic_count":0,"_bbp_total_reply_count":0,"_bbp_voice_count":0,"_bbp_anonymous_reply_count":0,"_bbp_topic_count_hidden":0,"_bbp_reply_count_hidden":0,"_bbp_forum_subforum_count":0,"footnotes":""},"categories":[40,60],"tags":[],"class_list":{"0":"post-347611","1":"post","2":"type-post","3":"status-publish","4":"format-standard","6":"category-comunidad","7":"category-titulares-del-dia"},"_links":{"self":[{"href":"https:\/\/primermomento.com\/index.php?rest_route=\/wp\/v2\/posts\/347611","targetHints":{"allow":["GET"]}}],"collection":[{"href":"https:\/\/primermomento.com\/index.php?rest_route=\/wp\/v2\/posts"}],"about":[{"href":"https:\/\/primermomento.com\/index.php?rest_route=\/wp\/v2\/types\/post"}],"author":[{"embeddable":true,"href":"https:\/\/primermomento.com\/index.php?rest_route=\/wp\/v2\/users\/1"}],"replies":[{"embeddable":true,"href":"https:\/\/primermomento.com\/index.php?rest_route=%2Fwp%2Fv2%2Fcomments&post=347611"}],"version-history":[{"count":1,"href":"https:\/\/primermomento.com\/index.php?rest_route=\/wp\/v2\/posts\/347611\/revisions"}],"predecessor-version":[{"id":347613,"href":"https:\/\/primermomento.com\/index.php?rest_route=\/wp\/v2\/posts\/347611\/revisions\/347613"}],"wp:attachment":[{"href":"https:\/\/primermomento.com\/index.php?rest_route=%2Fwp%2Fv2%2Fmedia&parent=347611"}],"wp:term":[{"taxonomy":"category","embeddable":true,"href":"https:\/\/primermomento.com\/index.php?rest_route=%2Fwp%2Fv2%2Fcategories&post=347611"},{"taxonomy":"post_tag","embeddable":true,"href":"https:\/\/primermomento.com\/index.php?rest_route=%2Fwp%2Fv2%2Ftags&post=347611"}],"curies":[{"name":"wp","href":"https:\/\/api.w.org\/{rel}","templated":true}]}}