{"id":347837,"date":"2021-07-16T14:07:51","date_gmt":"2021-07-16T18:07:51","guid":{"rendered":"http:\/\/primermomento.com\/?p=347837"},"modified":"2021-07-16T14:07:51","modified_gmt":"2021-07-16T18:07:51","slug":"despierta-interes-celebracion-feria-de-productos-de-rd","status":"publish","type":"post","link":"https:\/\/primermomento.com\/?p=347837","title":{"rendered":"Despierta inter\u00e9s celebraci\u00f3n \u201cFeria de Productos de RD\u201d"},"content":{"rendered":"\n<p class=\"wp-block-paragraph\">NUEVA YORK, EEUU.- La celebraci\u00f3n de la \u201cFeria de Productos de RD\u201d que efectuar\u00e1 pr\u00f3ximamente la C\u00e1mara de Comercio Dominicana en USA, en El Bronx, ha despertado inter\u00e9s entre due\u00f1os de supermercados, comerciantes, bodegueros, y ciudadanos comunes quisqueyanos en la Gran Manzana.<\/p>\n\n\n\n<div class=\"wp-block-image\"><figure class=\"aligncenter size-large\"><img loading=\"lazy\" decoding=\"async\" width=\"773\" height=\"392\" src=\"http:\/\/primermomento.com\/wp-content\/uploads\/2021\/07\/productos-dominicanos.jpg\" alt=\"\" class=\"wp-image-347838\" srcset=\"https:\/\/primermomento.com\/wp-content\/uploads\/2021\/07\/productos-dominicanos.jpg 773w, https:\/\/primermomento.com\/wp-content\/uploads\/2021\/07\/productos-dominicanos-300x152.jpg 300w, https:\/\/primermomento.com\/wp-content\/uploads\/2021\/07\/productos-dominicanos-768x389.jpg 768w, https:\/\/primermomento.com\/wp-content\/uploads\/2021\/07\/productos-dominicanos-500x254.jpg 500w, https:\/\/primermomento.com\/wp-content\/uploads\/2021\/07\/productos-dominicanos-280x142.jpg 280w, https:\/\/primermomento.com\/wp-content\/uploads\/2021\/07\/productos-dominicanos-638x324.jpg 638w, https:\/\/primermomento.com\/wp-content\/uploads\/2021\/07\/productos-dominicanos-118x60.jpg 118w, https:\/\/primermomento.com\/wp-content\/uploads\/2021\/07\/productos-dominicanos-479x243.jpg 479w\" sizes=\"auto, (max-width: 773px) 100vw, 773px\" \/><\/figure><\/div>\n\n\n\n<p class=\"wp-block-paragraph\">Los directivos de la \u201cFeria\u201d, Elida Almonte, presidente de la entidad; Luciano V\u00e1squez vicepresidente; Francisco Marte, secretario general, Manuel Peralta, tesorero; y Samuel S\u00e1nchez, director del consejo ejecutivo; aseguran haber recibido la confirmaci\u00f3n de decenas de hombres de negocios de Manhattan, El Bronx, Brooklyn, Queens, Staten Island y Yonkers, entre otros lugares.<\/p>\n\n\n\n<p class=\"wp-block-paragraph\">\u201cDominican Taste Festival 2021\u201d, ser\u00e1 dedicada a la provincia de La Altagracia y las autoridades de all\u00ed est\u00e1n preparando una gran exhibici\u00f3n de todo lo que los representa como pueblo.<\/p>\n\n\n\n<p class=\"wp-block-paragraph\">La misma, ser\u00e1 en honor al ingeniero Dar\u00edo Yun\u00e9s, por su trayectoria y aportes al desarrollo de Hig\u00fcey, adem\u00e1s por su contribuci\u00f3n a la cultura culinaria criolla a trav\u00e9s del festival de la yuca.<\/p>\n\n\n\n<p class=\"wp-block-paragraph\">Asimismo, la entidad celebrar\u00e1 el pr\u00f3ximo lunes 19 una rueda de prensa, a partir de las 6:00 de la tarde, en el restaurant \u201cCasa del Mar Seafood\u201d, ubicado en el 1779 de la avenida Webster, en El Bronx.<\/p>\n\n\n\n<p class=\"wp-block-paragraph\">Luego, el jueves 22, de 7:00 a 11:00 PM, una cena de gala en el exclusivo local \u201cMaestro\u2019s Caterers Banquet Hall\u201d, ubicado en el 1703 de la avenida Bronxdale, en el mencionado condado.<\/p>\n\n\n\n<p class=\"wp-block-paragraph\">Y los d\u00edas 24 y 25 ser\u00e1 la celebraci\u00f3n de la \u201cFeria\u201d en el parque Claremont, ubicado en la avenida Tremont con la avenida Arthur. Para mayor informaci\u00f3n (646) 326-6052.<\/p>\n\n\n\n<p class=\"has-text-align-right wp-block-paragraph\"><em>Ram\u00f3n Mercedes<\/em><\/p>\n","protected":false},"excerpt":{"rendered":"<p>NUEVA YORK, EEUU.- La celebraci\u00f3n de la \u201cFeria de Productos de RD\u201d que efectuar\u00e1 pr\u00f3ximamente la C\u00e1mara de Comercio Dominicana en USA, en El Bronx, ha despertado inter\u00e9s entre due\u00f1os de supermercados, comerciantes, bodegueros, y ciudadanos comunes quisqueyanos en la Gran Manzana. Los directivos de la \u201cFeria\u201d, Elida Almonte, presidente de la entidad; Luciano V\u00e1squez [&hellip;]<\/p>\n","protected":false},"author":1,"featured_media":0,"comment_status":"open","ping_status":"open","sticky":false,"template":"","format":"standard","meta":{"_bbp_topic_count":0,"_bbp_reply_count":0,"_bbp_total_topic_count":0,"_bbp_total_reply_count":0,"_bbp_voice_count":0,"_bbp_anonymous_reply_count":0,"_bbp_topic_count_hidden":0,"_bbp_reply_count_hidden":0,"_bbp_forum_subforum_count":0,"footnotes":""},"categories":[35,60],"tags":[],"class_list":["post-347837","post","type-post","status-publish","format-standard","category-economia","category-titulares-del-dia"],"_links":{"self":[{"href":"https:\/\/primermomento.com\/index.php?rest_route=\/wp\/v2\/posts\/347837","targetHints":{"allow":["GET"]}}],"collection":[{"href":"https:\/\/primermomento.com\/index.php?rest_route=\/wp\/v2\/posts"}],"about":[{"href":"https:\/\/primermomento.com\/index.php?rest_route=\/wp\/v2\/types\/post"}],"author":[{"embeddable":true,"href":"https:\/\/primermomento.com\/index.php?rest_route=\/wp\/v2\/users\/1"}],"replies":[{"embeddable":true,"href":"https:\/\/primermomento.com\/index.php?rest_route=%2Fwp%2Fv2%2Fcomments&post=347837"}],"version-history":[{"count":1,"href":"https:\/\/primermomento.com\/index.php?rest_route=\/wp\/v2\/posts\/347837\/revisions"}],"predecessor-version":[{"id":347839,"href":"https:\/\/primermomento.com\/index.php?rest_route=\/wp\/v2\/posts\/347837\/revisions\/347839"}],"wp:attachment":[{"href":"https:\/\/primermomento.com\/index.php?rest_route=%2Fwp%2Fv2%2Fmedia&parent=347837"}],"wp:term":[{"taxonomy":"category","embeddable":true,"href":"https:\/\/primermomento.com\/index.php?rest_route=%2Fwp%2Fv2%2Fcategories&post=347837"},{"taxonomy":"post_tag","embeddable":true,"href":"https:\/\/primermomento.com\/index.php?rest_route=%2Fwp%2Fv2%2Ftags&post=347837"}],"curies":[{"name":"wp","href":"https:\/\/api.w.org\/{rel}","templated":true}]}}