{"id":347969,"date":"2021-07-19T14:21:11","date_gmt":"2021-07-19T18:21:11","guid":{"rendered":"http:\/\/primermomento.com\/?p=347969"},"modified":"2021-07-19T14:21:11","modified_gmt":"2021-07-19T18:21:11","slug":"inauguran-plaza-quisqueya-en-el-alto-manhattan","status":"publish","type":"post","link":"https:\/\/primermomento.com\/?p=347969","title":{"rendered":"Inauguran Plaza Quisqueya en el Alto Manhattan"},"content":{"rendered":"\n<p>NUEVA YORK, EEUU.- Con la asistencia de oficiales electos, pol\u00edticos, profesionales, empresarios, comunitarios, ciudadanos comunes dominicanos y otras etnias fue inaugurada este s\u00e1bado la \u201cPlaza Quisqueya\u201d para el disfrute y beneficio de los residentes en el Alto Manhattan.<\/p>\n\n\n\n<div class=\"wp-block-image\"><figure class=\"aligncenter size-large\"><img loading=\"lazy\" decoding=\"async\" width=\"703\" height=\"527\" src=\"http:\/\/primermomento.com\/wp-content\/uploads\/2021\/07\/Inauguran-Plaza-Quisqueya-en-el-Alto-Manhattan.jpg\" alt=\"\" class=\"wp-image-347970\" srcset=\"https:\/\/primermomento.com\/wp-content\/uploads\/2021\/07\/Inauguran-Plaza-Quisqueya-en-el-Alto-Manhattan.jpg 703w, https:\/\/primermomento.com\/wp-content\/uploads\/2021\/07\/Inauguran-Plaza-Quisqueya-en-el-Alto-Manhattan-300x225.jpg 300w, https:\/\/primermomento.com\/wp-content\/uploads\/2021\/07\/Inauguran-Plaza-Quisqueya-en-el-Alto-Manhattan-120x90.jpg 120w, https:\/\/primermomento.com\/wp-content\/uploads\/2021\/07\/Inauguran-Plaza-Quisqueya-en-el-Alto-Manhattan-500x375.jpg 500w, https:\/\/primermomento.com\/wp-content\/uploads\/2021\/07\/Inauguran-Plaza-Quisqueya-en-el-Alto-Manhattan-280x210.jpg 280w, https:\/\/primermomento.com\/wp-content\/uploads\/2021\/07\/Inauguran-Plaza-Quisqueya-en-el-Alto-Manhattan-638x478.jpg 638w, https:\/\/primermomento.com\/wp-content\/uploads\/2021\/07\/Inauguran-Plaza-Quisqueya-en-el-Alto-Manhattan-118x88.jpg 118w, https:\/\/primermomento.com\/wp-content\/uploads\/2021\/07\/Inauguran-Plaza-Quisqueya-en-el-Alto-Manhattan-479x359.jpg 479w\" sizes=\"auto, (max-width: 703px) 100vw, 703px\" \/><\/figure><\/div>\n\n\n\n<p>El concejal por el distrito 10, Ydanis Rodr\u00edguez, que cubre los vecindarios de Washington Heights e Inwood y propulsor para que la misma se instalar\u00e1 y llevara ese nombre, manifest\u00f3: \u201cHa costado mucho levantar esta plaza que hoy inauguramos, pero con el apoyo de todos los sectores, funcionarios electos y l\u00edderes de la comunidad lo hemos logrado\u201d.<\/p>\n\n\n\n<p>A\u00f1adi\u00f3: \u201cHoy se est\u00e1 convirtiendo esta \u00e1rea en un destino de NYC, tenemos sectores identificados como la \u201cPeque\u00f1a Italia\u201d, China-Town\u201d, y lugares de otros grupos.<\/p>\n\n\n\n<p>De los 65 millones de personas que visitan como turista anualmente esta ciudad vamos a traer guaguas repletas de ellos aqu\u00ed tambi\u00e9n, para que nos vean como personas trabajadoras, a saborear nuestra comida, escuchar nuestra bachata y merengue, eso ser\u00e1 \u201cPlaza Quisqueya\u201d un destino, un lugar que nos une a nosotros\u201d, precis\u00f3.<\/p>\n\n\n\n<p>\u201cInvit\u00f3 a todos los residentes de Inwood y Washington Heights a disfrutar tambi\u00e9n del parque verde que tenemos aqu\u00ed al lado, inscribi\u00e9ndose, porque es de todos\u201d, concluy\u00f3 el concejal.<\/p>\n\n\n\n<p>Por su parte el congresista Adriano Espaillat agradeci\u00f3 a los presentes asistir a la inauguraci\u00f3n y resalt\u00f3 la importancia de la \u201cPlaza\u201d.<\/p>\n\n\n\n<p>Asimismo, la asamble\u00edsta Carmen de la Rosa, segura ganadora como concejal en las elecciones del pr\u00f3ximo del 3 de noviembre ya que es apoyada por el congresista Espaillat y el concejal Rodr\u00edguez, dijo que cuando sea electa continuar\u00e1 el legado de Ydanis y se preocupar\u00e1 para que \u201cPlaza Quisqueya\u201d mantenga su esplendor como s\u00edmbolo de la dominicanidad.<\/p>\n\n\n\n<p>Tambi\u00e9n hablaron en el acto la presidente del condado de Manhattan, Gale Brewer; el presidente de la Federaci\u00f3n Hispana, Luis Miranda; las empresarias Susana Osorio y Sandra J\u00e1quez, quienes son directivas de la instituci\u00f3n que dirigir\u00e1 la mencionada \u201cPlaza\u201d; y Henry Garrido, actual Director Ejecutivo del sindicato DC-37.<\/p>\n\n\n\n<p>Asimismo, Isidro Medina, presidente del Distrito de Desarrollo de Negocios (BID); el doctor Ram\u00f3n Tallaj, director de la entidad medica SOMOS; Y los comisionados de la ciudad,<\/p>\n\n\n\n<p>Roberto P\u00e9rez de Asuntos Comunitarios, Raquel Batista de inmigraci\u00f3n; y Jonnel Dorris de Los peque\u00f1os negocios.<\/p>\n\n\n\n<p>Las \u201cPlaza\u201d, con banderas de todos los pa\u00edses como s\u00edmbolo de unidad, est\u00e1 ubicada en la calle Dyckman, entre las avenidas Seaman y Broadway. Ser\u00e1 permanente para dar paso a una serie de actividades gratuitas como clases de yoga, nutrici\u00f3n, artes y manualidades, entre otras cosas.<\/p>\n\n\n\n<p>Los residentes podr\u00e1n disfrutar de lunes a viernes de 8:00 de la ma\u00f1ana a 5:00 de la tarde, para que los ciudadanos tengan un lugar donde compartir socialmente y los ni\u00f1os puedan divertirse.<\/p>\n\n\n\n<p>Luego, los restaurantes podr\u00e1n utilizar el espacio al finalizar el horario a la 5:00 de la tarde, se inform\u00f3.<\/p>\n\n\n\n<p class=\"has-text-align-right\"><em>Ram\u00f3n Mercedes<\/em><\/p>\n","protected":false},"excerpt":{"rendered":"<p>NUEVA YORK, EEUU.- Con la asistencia de oficiales electos, pol\u00edticos, profesionales, empresarios, comunitarios, ciudadanos comunes dominicanos y otras etnias fue inaugurada este s\u00e1bado la \u201cPlaza Quisqueya\u201d para el disfrute y beneficio de los residentes en el Alto Manhattan. El concejal por el distrito 10, Ydanis Rodr\u00edguez, que cubre los vecindarios de Washington Heights e Inwood [&hellip;]<\/p>\n","protected":false},"author":1,"featured_media":0,"comment_status":"open","ping_status":"open","sticky":false,"template":"","format":"standard","meta":{"_bbp_topic_count":0,"_bbp_reply_count":0,"_bbp_total_topic_count":0,"_bbp_total_reply_count":0,"_bbp_voice_count":0,"_bbp_anonymous_reply_count":0,"_bbp_topic_count_hidden":0,"_bbp_reply_count_hidden":0,"_bbp_forum_subforum_count":0,"footnotes":""},"categories":[40,60],"tags":[],"class_list":{"0":"post-347969","1":"post","2":"type-post","3":"status-publish","4":"format-standard","6":"category-comunidad","7":"category-titulares-del-dia"},"_links":{"self":[{"href":"https:\/\/primermomento.com\/index.php?rest_route=\/wp\/v2\/posts\/347969","targetHints":{"allow":["GET"]}}],"collection":[{"href":"https:\/\/primermomento.com\/index.php?rest_route=\/wp\/v2\/posts"}],"about":[{"href":"https:\/\/primermomento.com\/index.php?rest_route=\/wp\/v2\/types\/post"}],"author":[{"embeddable":true,"href":"https:\/\/primermomento.com\/index.php?rest_route=\/wp\/v2\/users\/1"}],"replies":[{"embeddable":true,"href":"https:\/\/primermomento.com\/index.php?rest_route=%2Fwp%2Fv2%2Fcomments&post=347969"}],"version-history":[{"count":1,"href":"https:\/\/primermomento.com\/index.php?rest_route=\/wp\/v2\/posts\/347969\/revisions"}],"predecessor-version":[{"id":347971,"href":"https:\/\/primermomento.com\/index.php?rest_route=\/wp\/v2\/posts\/347969\/revisions\/347971"}],"wp:attachment":[{"href":"https:\/\/primermomento.com\/index.php?rest_route=%2Fwp%2Fv2%2Fmedia&parent=347969"}],"wp:term":[{"taxonomy":"category","embeddable":true,"href":"https:\/\/primermomento.com\/index.php?rest_route=%2Fwp%2Fv2%2Fcategories&post=347969"},{"taxonomy":"post_tag","embeddable":true,"href":"https:\/\/primermomento.com\/index.php?rest_route=%2Fwp%2Fv2%2Ftags&post=347969"}],"curies":[{"name":"wp","href":"https:\/\/api.w.org\/{rel}","templated":true}]}}