{"id":348100,"date":"2021-07-21T09:33:00","date_gmt":"2021-07-21T13:33:00","guid":{"rendered":"http:\/\/primermomento.com\/?p=348100"},"modified":"2021-07-21T10:35:35","modified_gmt":"2021-07-21T14:35:35","slug":"cepal-senala-a-latinoamerica-la-region-mas-endeudada-del-mundo","status":"publish","type":"post","link":"https:\/\/primermomento.com\/?p=348100","title":{"rendered":"Cepal se\u00f1ala a Latinoam\u00e9rica la regi\u00f3n m\u00e1s endeudada del mundo"},"content":{"rendered":"\n<p class=\"wp-block-paragraph\">SANTIAGO DE CHILE, Chile.- Am\u00e9rica Latina y el Caribe es hoy es la regi\u00f3n m\u00e1s endeudada del mundo con un 56,3 por ciento de su Producto Interno Bruto (PIB) comprometido, report\u00f3 la Comisi\u00f3n Econ\u00f3mica para Am\u00e9rica Latina y el Caribe(Cepal).<\/p>\n\n\n\n<div class=\"wp-block-image\"><figure class=\"aligncenter size-large\"><img loading=\"lazy\" decoding=\"async\" width=\"675\" height=\"380\" src=\"http:\/\/primermomento.com\/wp-content\/uploads\/2020\/04\/cepal-y-contraccion-economica.jpg\" alt=\"\" class=\"wp-image-328057\" srcset=\"https:\/\/primermomento.com\/wp-content\/uploads\/2020\/04\/cepal-y-contraccion-economica.jpg 675w, https:\/\/primermomento.com\/wp-content\/uploads\/2020\/04\/cepal-y-contraccion-economica-300x169.jpg 300w, https:\/\/primermomento.com\/wp-content\/uploads\/2020\/04\/cepal-y-contraccion-economica-478x270.jpg 478w, https:\/\/primermomento.com\/wp-content\/uploads\/2020\/04\/cepal-y-contraccion-economica-500x281.jpg 500w, https:\/\/primermomento.com\/wp-content\/uploads\/2020\/04\/cepal-y-contraccion-economica-280x158.jpg 280w, https:\/\/primermomento.com\/wp-content\/uploads\/2020\/04\/cepal-y-contraccion-economica-638x359.jpg 638w, https:\/\/primermomento.com\/wp-content\/uploads\/2020\/04\/cepal-y-contraccion-economica-118x66.jpg 118w, https:\/\/primermomento.com\/wp-content\/uploads\/2020\/04\/cepal-y-contraccion-economica-479x270.jpg 479w\" sizes=\"auto, (max-width: 675px) 100vw, 675px\" \/><\/figure><\/div>\n\n\n\n<p class=\"wp-block-paragraph\">Sobre el asunto, la secretaria ejecutiva de ese organismo, Alicia B\u00e1rcena, precis\u00f3 que el pago por el servicio de esa deuda equivale al 59 por ciento de las exportaciones latinoamericanas, situaci\u00f3n que destaca entre los grandes frenos al avance econ\u00f3mico del continente.<\/p>\n\n\n\n<p class=\"wp-block-paragraph\">&#8216;Esos niveles de endeudamiento reducen el espacio fiscal y ponen en peligro la recuperaci\u00f3n y el crecimiento futuro. En el caso de los peque\u00f1os Estados insulares del Caribe, la situaci\u00f3n es a\u00fan m\u00e1s insostenible, ya que en algunos el nivel de deuda p\u00fablica supera el 100 por ciento del PIB&#8217;, especific\u00f3.<\/p>\n\n\n\n<p class=\"wp-block-paragraph\">Ante ese desaf\u00edo la Cepal propuso una nueva arquitectura financiera internacional para responder a la emergencia y al desarrollo de la regi\u00f3n, e indic\u00f3 que se necesita un foro multilateral para debatir condiciones de emisi\u00f3n de nueva deuda y su restructuraci\u00f3n.<\/p>\n\n\n\n<p class=\"wp-block-paragraph\">La situaci\u00f3n latinoamericana demanda tambi\u00e9n una agencia multilateral de calificaci\u00f3n crediticia, la inclusi\u00f3n de pa\u00edses de ingreso medio en todas las iniciativas de alivio y acceso a liquidez tanto concesional como no concesional y la implementaci\u00f3n de instrumentos de financiamiento innovadores.<\/p>\n\n\n\n<p class=\"wp-block-paragraph\">Se requiere, adem\u00e1s, de la capitalizaci\u00f3n y fortalecimiento de la banca de desarrollo en todos sus niveles, acceso a mecanismos para la aplicaci\u00f3n de impuestos globales, eliminaci\u00f3n de la elusi\u00f3n, evasi\u00f3n y flujos il\u00edcitos, y repensar el sistema de cooperaci\u00f3n para lograr una medici\u00f3n m\u00e1s all\u00e1 del PIB per c\u00e1pita, plante\u00f3 el ente.<\/p>\n\n\n\n<p class=\"wp-block-paragraph\">Tambi\u00e9n se\u00f1ala que con una contracci\u00f3n del 6,8 por ciento en 2020 -la mayor en 120 a\u00f1os-, 38,3 millones de infectados y 1,29 millones de muertos, Latinoam\u00e9rica es la regi\u00f3n del planeta m\u00e1s afectada por la pandemia de Covid-19 en t\u00e9rminos sanitarios y econ\u00f3micos.<\/p>\n\n\n\n<p class=\"wp-block-paragraph\">La pobreza y la pobreza extrema aumentaron hasta el 33,7 por ciento (209 millones de personas) y el 12,5 por ciento (78 millones), respectivamente, mientras que el cierre de 2,7 millones de empresas llev\u00f3 la tasa de desocupaci\u00f3n el a\u00f1o pasado al 10,7 por ciento.<\/p>\n\n\n\n<p class=\"has-text-align-right wp-block-paragraph\"><em>PL<\/em><\/p>\n","protected":false},"excerpt":{"rendered":"<p>SANTIAGO DE CHILE, Chile.- Am\u00e9rica Latina y el Caribe es hoy es la regi\u00f3n m\u00e1s endeudada del mundo con un 56,3 por ciento de su Producto Interno Bruto (PIB) comprometido, report\u00f3 la Comisi\u00f3n Econ\u00f3mica para Am\u00e9rica Latina y el Caribe(Cepal). Sobre el asunto, la secretaria ejecutiva de ese organismo, Alicia B\u00e1rcena, precis\u00f3 que el pago [&hellip;]<\/p>\n","protected":false},"author":1,"featured_media":0,"comment_status":"open","ping_status":"open","sticky":false,"template":"","format":"standard","meta":{"_bbp_topic_count":0,"_bbp_reply_count":0,"_bbp_total_topic_count":0,"_bbp_total_reply_count":0,"_bbp_voice_count":0,"_bbp_anonymous_reply_count":0,"_bbp_topic_count_hidden":0,"_bbp_reply_count_hidden":0,"_bbp_forum_subforum_count":0,"footnotes":""},"categories":[35,60],"tags":[],"class_list":["post-348100","post","type-post","status-publish","format-standard","category-economia","category-titulares-del-dia"],"_links":{"self":[{"href":"https:\/\/primermomento.com\/index.php?rest_route=\/wp\/v2\/posts\/348100","targetHints":{"allow":["GET"]}}],"collection":[{"href":"https:\/\/primermomento.com\/index.php?rest_route=\/wp\/v2\/posts"}],"about":[{"href":"https:\/\/primermomento.com\/index.php?rest_route=\/wp\/v2\/types\/post"}],"author":[{"embeddable":true,"href":"https:\/\/primermomento.com\/index.php?rest_route=\/wp\/v2\/users\/1"}],"replies":[{"embeddable":true,"href":"https:\/\/primermomento.com\/index.php?rest_route=%2Fwp%2Fv2%2Fcomments&post=348100"}],"version-history":[{"count":1,"href":"https:\/\/primermomento.com\/index.php?rest_route=\/wp\/v2\/posts\/348100\/revisions"}],"predecessor-version":[{"id":348101,"href":"https:\/\/primermomento.com\/index.php?rest_route=\/wp\/v2\/posts\/348100\/revisions\/348101"}],"wp:attachment":[{"href":"https:\/\/primermomento.com\/index.php?rest_route=%2Fwp%2Fv2%2Fmedia&parent=348100"}],"wp:term":[{"taxonomy":"category","embeddable":true,"href":"https:\/\/primermomento.com\/index.php?rest_route=%2Fwp%2Fv2%2Fcategories&post=348100"},{"taxonomy":"post_tag","embeddable":true,"href":"https:\/\/primermomento.com\/index.php?rest_route=%2Fwp%2Fv2%2Ftags&post=348100"}],"curies":[{"name":"wp","href":"https:\/\/api.w.org\/{rel}","templated":true}]}}