{"id":348168,"date":"2021-07-22T12:21:24","date_gmt":"2021-07-22T16:21:24","guid":{"rendered":"http:\/\/primermomento.com\/?p=348168"},"modified":"2021-07-22T12:21:25","modified_gmt":"2021-07-22T16:21:25","slug":"confirman-participacion-en-festival-gastronomico-de-productos-dominicanos","status":"publish","type":"post","link":"https:\/\/primermomento.com\/?p=348168","title":{"rendered":"Confirman participaci\u00f3n en festival gastron\u00f3mico de productos dominicanos"},"content":{"rendered":"\n<p class=\"wp-block-paragraph\">NUEVA YORK, EEUU.- Decenas de productores, empresarios y exportadores confirmaron su participaci\u00f3n \u00a0\u00a0en el Festival Gastron\u00f3mico productos que se realizar\u00e1 este fin de semana en esta ciudad, organizado por la C\u00e1mara\u00a0 de Comercio\u00a0 Dominico-americana de Estados Unidos y el patrocinio del Consulado dominicano.<\/p>\n\n\n\n<div class=\"wp-block-image\"><figure class=\"aligncenter size-large\"><img loading=\"lazy\" decoding=\"async\" width=\"794\" height=\"443\" src=\"http:\/\/primermomento.com\/wp-content\/uploads\/2021\/07\/Festival-gastronomico.jpg\" alt=\"\" class=\"wp-image-348169\" srcset=\"https:\/\/primermomento.com\/wp-content\/uploads\/2021\/07\/Festival-gastronomico.jpg 794w, https:\/\/primermomento.com\/wp-content\/uploads\/2021\/07\/Festival-gastronomico-300x167.jpg 300w, https:\/\/primermomento.com\/wp-content\/uploads\/2021\/07\/Festival-gastronomico-768x428.jpg 768w, https:\/\/primermomento.com\/wp-content\/uploads\/2021\/07\/Festival-gastronomico-216x120.jpg 216w, https:\/\/primermomento.com\/wp-content\/uploads\/2021\/07\/Festival-gastronomico-500x279.jpg 500w, https:\/\/primermomento.com\/wp-content\/uploads\/2021\/07\/Festival-gastronomico-280x156.jpg 280w, https:\/\/primermomento.com\/wp-content\/uploads\/2021\/07\/Festival-gastronomico-638x356.jpg 638w, https:\/\/primermomento.com\/wp-content\/uploads\/2021\/07\/Festival-gastronomico-118x66.jpg 118w, https:\/\/primermomento.com\/wp-content\/uploads\/2021\/07\/Festival-gastronomico-479x267.jpg 479w\" sizes=\"auto, (max-width: 794px) 100vw, 794px\" \/><\/figure><\/div>\n\n\n\n<p class=\"wp-block-paragraph\">El anuncio lo hizo la presidenta de la C\u00e1mara de Comercio, Elida Almonte, durante una rueda de prensa efectuada este lunes&nbsp; en el &nbsp;condado de El Bronx, &nbsp;donde ser\u00e1 realizada la feria, la cual exhibir\u00e1 una gama de productos de Rep\u00fablica Dominicana y &nbsp;que ha despertado gran inter\u00e9s entre los sectores empresariales y comerciales de Rep\u00fablica Dominicana y el Estado de New York.<\/p>\n\n\n\n<p class=\"wp-block-paragraph\">Almonte inform\u00f3 que \u201cDominican Taste Festival 2021\u201d ser\u00e1 dedicada a la provincia La Altagracia, de donde viajar\u00e1n representantes &nbsp;de sectores empresariales&nbsp; para exhibir diferentes productos &nbsp;de ese pueblo.<\/p>\n\n\n\n<p class=\"wp-block-paragraph\">Adem\u00e1s de la feria que se efectuar\u00e1 los d\u00edas 24 y 25 del presente mes en el parque Claremont ,localizado en la avenida Tremont, los dirigentes de la C\u00e1mara de Comercio, celebrar\u00e1n una Cena&nbsp; de Gala en el local \u201cMaestro\u2019 Caterers Hall\u201d, ubicado en El Bronx.<\/p>\n\n\n\n<p class=\"wp-block-paragraph\">En la rueda de prensa adem\u00e1s de los directivos de la C\u00e1mara de Comercio, participaron representantes de instituciones y personalidades de la comunidad, entre los que se encontraban los Vicec\u00f3nsules Julio C\u00e9sar Mateo y Carlos Dom\u00ednguez, en representaci\u00f3n del Consulado dominicano, Carmen de la Rosa , asamble\u00edsta del Distrito 72, Fernando Cabrera, concejal del Distrito 14 y Lourdes Batista Comisionada de Cultura.<\/p>\n\n\n\n<p class=\"wp-block-paragraph\">Por su parte el Consulado General de la Rep\u00fablica Dominicana dijo que la realizaci\u00f3n de dicho evento destaca el inter\u00e9s&nbsp; del presidente&nbsp; dominicano Luis &nbsp;Abinader &nbsp;&nbsp;de fortalecer&nbsp; las exportaciones&nbsp; y b\u00fasqueda de nuevos mercados&nbsp; en territorio estadounidense para los productos&nbsp;&nbsp; de Rep\u00fablica Dominicana.<\/p>\n\n\n\n<p class=\"wp-block-paragraph\">\u201cNuestro presidente Luis Abinader quiere que los dominicanos en el exterior &nbsp;tengan la oportunidad&nbsp; de disfrutar de los principales productos del agro dominicano, entre &nbsp;ellos, mango, aguacate, banano, &nbsp;pi\u00f1a, yuca, pl\u00e1tano, miel de abeja y casabe, entre otros\u201d, se\u00f1al\u00f3&nbsp; J\u00e1quez.<\/p>\n\n\n\n<p class=\"wp-block-paragraph\">Durante el Festival Gastron\u00f3mico los organizadores dijeron que habr\u00e1 unas 20 carpas donde se exhibir\u00e1n los productos dominicanos y tambi\u00e9n se dar\u00e1n informaciones sobre los mismos. Igualmente el Consulado dominicano inform\u00f3 que estar\u00e1n presentes en el Festival Gastron\u00f3mico el ministro de Agricultura, Limbert Cruz, el administrador del Banco Agr\u00edcola, Fernando Dur\u00e1n, la directora de ProDominicana, Bibiana Riveiro y el C\u00f3nsul dominicano en New York, Eligio J\u00e1quez, entre otras delegaciones de New Jersey, Connecticut, Pensylvania y Columbus,Ohio.<\/p>\n\n\n\n<p class=\"wp-block-paragraph\">Por \u00faltimo los organizadores del Festival Gastron\u00f3mico &nbsp; exhortaron a los dominicanos y dominicanas a participar masivamente&nbsp; en ese evento que se efectuar\u00e1 los d\u00edas viernes 24 y s\u00e1bado 25 de julio en &nbsp;El Bronx, donde tendr\u00e1n la oportunidad de &nbsp;degustar los &nbsp;diferentes productos que se exhibir\u00e1n&nbsp; en dicha actividad. &nbsp;&nbsp;&nbsp;Para cualquier informaci\u00f3n se pueden comunicar a este n\u00famero de tel\u00e9fono (347)-460-6411.&nbsp;<\/p>\n","protected":false},"excerpt":{"rendered":"<p>NUEVA YORK, EEUU.- Decenas de productores, empresarios y exportadores confirmaron su participaci\u00f3n \u00a0\u00a0en el Festival Gastron\u00f3mico productos que se realizar\u00e1 este fin de semana en esta ciudad, organizado por la C\u00e1mara\u00a0 de Comercio\u00a0 Dominico-americana de Estados Unidos y el patrocinio del Consulado dominicano. El anuncio lo hizo la presidenta de la C\u00e1mara de Comercio, Elida [&hellip;]<\/p>\n","protected":false},"author":1,"featured_media":0,"comment_status":"open","ping_status":"open","sticky":false,"template":"","format":"standard","meta":{"_bbp_topic_count":0,"_bbp_reply_count":0,"_bbp_total_topic_count":0,"_bbp_total_reply_count":0,"_bbp_voice_count":0,"_bbp_anonymous_reply_count":0,"_bbp_topic_count_hidden":0,"_bbp_reply_count_hidden":0,"_bbp_forum_subforum_count":0,"footnotes":""},"categories":[35,60],"tags":[],"class_list":["post-348168","post","type-post","status-publish","format-standard","category-economia","category-titulares-del-dia"],"_links":{"self":[{"href":"https:\/\/primermomento.com\/index.php?rest_route=\/wp\/v2\/posts\/348168","targetHints":{"allow":["GET"]}}],"collection":[{"href":"https:\/\/primermomento.com\/index.php?rest_route=\/wp\/v2\/posts"}],"about":[{"href":"https:\/\/primermomento.com\/index.php?rest_route=\/wp\/v2\/types\/post"}],"author":[{"embeddable":true,"href":"https:\/\/primermomento.com\/index.php?rest_route=\/wp\/v2\/users\/1"}],"replies":[{"embeddable":true,"href":"https:\/\/primermomento.com\/index.php?rest_route=%2Fwp%2Fv2%2Fcomments&post=348168"}],"version-history":[{"count":1,"href":"https:\/\/primermomento.com\/index.php?rest_route=\/wp\/v2\/posts\/348168\/revisions"}],"predecessor-version":[{"id":348170,"href":"https:\/\/primermomento.com\/index.php?rest_route=\/wp\/v2\/posts\/348168\/revisions\/348170"}],"wp:attachment":[{"href":"https:\/\/primermomento.com\/index.php?rest_route=%2Fwp%2Fv2%2Fmedia&parent=348168"}],"wp:term":[{"taxonomy":"category","embeddable":true,"href":"https:\/\/primermomento.com\/index.php?rest_route=%2Fwp%2Fv2%2Fcategories&post=348168"},{"taxonomy":"post_tag","embeddable":true,"href":"https:\/\/primermomento.com\/index.php?rest_route=%2Fwp%2Fv2%2Ftags&post=348168"}],"curies":[{"name":"wp","href":"https:\/\/api.w.org\/{rel}","templated":true}]}}