{"id":348503,"date":"2021-07-27T11:57:21","date_gmt":"2021-07-27T15:57:21","guid":{"rendered":"http:\/\/primermomento.com\/?p=348503"},"modified":"2021-07-27T11:57:21","modified_gmt":"2021-07-27T15:57:21","slug":"manhattan-sera-nuevamente-escenario-del-desfile-dominicano","status":"publish","type":"post","link":"https:\/\/primermomento.com\/?p=348503","title":{"rendered":"Manhattan ser\u00e1 nuevamente escenario del Desfile Dominicano"},"content":{"rendered":"\n<p>NUEVA YORK, EEUU.- El Desfile Dominicano de Manhattan (Dominican Day Parade), no celebrado presencialmente el pasado a\u00f1o por la pandemia, se realizar\u00e1 el domingo 8 de agosto en dos facetas, informaron Cristina Contreras y Teodoro Reg\u00fas, presidente y vicepresidente de la entidad.<\/p>\n\n\n\n<figure class=\"wp-block-image size-large\"><img loading=\"lazy\" decoding=\"async\" width=\"986\" height=\"608\" src=\"http:\/\/primermomento.com\/wp-content\/uploads\/2021\/07\/Manhattan-sera-nuevamente-escenario-del-Desfile-Dominicano.jpg\" alt=\"\" class=\"wp-image-348504\" srcset=\"https:\/\/primermomento.com\/wp-content\/uploads\/2021\/07\/Manhattan-sera-nuevamente-escenario-del-Desfile-Dominicano.jpg 986w, https:\/\/primermomento.com\/wp-content\/uploads\/2021\/07\/Manhattan-sera-nuevamente-escenario-del-Desfile-Dominicano-300x185.jpg 300w, https:\/\/primermomento.com\/wp-content\/uploads\/2021\/07\/Manhattan-sera-nuevamente-escenario-del-Desfile-Dominicano-768x474.jpg 768w, https:\/\/primermomento.com\/wp-content\/uploads\/2021\/07\/Manhattan-sera-nuevamente-escenario-del-Desfile-Dominicano-500x308.jpg 500w, https:\/\/primermomento.com\/wp-content\/uploads\/2021\/07\/Manhattan-sera-nuevamente-escenario-del-Desfile-Dominicano-280x173.jpg 280w, https:\/\/primermomento.com\/wp-content\/uploads\/2021\/07\/Manhattan-sera-nuevamente-escenario-del-Desfile-Dominicano-638x393.jpg 638w, https:\/\/primermomento.com\/wp-content\/uploads\/2021\/07\/Manhattan-sera-nuevamente-escenario-del-Desfile-Dominicano-118x73.jpg 118w, https:\/\/primermomento.com\/wp-content\/uploads\/2021\/07\/Manhattan-sera-nuevamente-escenario-del-Desfile-Dominicano-479x295.jpg 479w\" sizes=\"auto, (max-width: 986px) 100vw, 986px\" \/><\/figure>\n\n\n\n<p>Contreras explic\u00f3 que una de las partes ser\u00e1 virtual como, se hizo el a\u00f1o pasado, y la otra presencial, a efectuarse en la Sexta avenida en Manhattan, entre las calles 43 hasta la 52.<\/p>\n\n\n\n<p>Aunque la entidad tiene el permiso de la ciudad, han querido limitar la participaci\u00f3n de carrozas y el p\u00fablico en el espacio por la pandemia, dijo.<\/p>\n\n\n\n<p>\u201cEn el programa tenemos un reinado para exaltar la belleza de la mujer dominicana, la instalaci\u00f3n de una tarima, celebrar con nuestros estudiantes, actuaci\u00f3n de grupos culturales, reconocimientos a personalidades y participaci\u00f3n de Los Andulleros de Santiago, entre otros grupos folcl\u00f3ricos\u00bb, revel\u00f3&nbsp;Contreras.<\/p>\n\n\n\n<p>Por su parte, el doctor Reg\u00fas inform\u00f3 que este a\u00f1o ser\u00e1 reconocido el afamado locutor, productor y presentador de TV de Santiago de los Caballeros, Nelson Javier (El Cocodrilo), quien ser\u00e1 el Grand Marshal del evento.<\/p>\n\n\n\n<p>Resalt\u00f3 que la \u201cParada\u201d no es solo exaltar la cultura, folklor, m\u00fasica y tradiciones dominicanas, sino tambi\u00e9n recaudar fondos para los estudiantes meritorios y entregarles becas, expres\u00f3 Reg\u00fas.<\/p>\n\n\n\n<p class=\"has-text-align-right\"><em>Ram\u00f3n Mercedes<\/em><\/p>\n","protected":false},"excerpt":{"rendered":"<p>NUEVA YORK, EEUU.- El Desfile Dominicano de Manhattan (Dominican Day Parade), no celebrado presencialmente el pasado a\u00f1o por la pandemia, se realizar\u00e1 el domingo 8 de agosto en dos facetas, informaron Cristina Contreras y Teodoro Reg\u00fas, presidente y vicepresidente de la entidad. Contreras explic\u00f3 que una de las partes ser\u00e1 virtual como, se hizo el [&hellip;]<\/p>\n","protected":false},"author":1,"featured_media":0,"comment_status":"open","ping_status":"open","sticky":false,"template":"","format":"standard","meta":{"_bbp_topic_count":0,"_bbp_reply_count":0,"_bbp_total_topic_count":0,"_bbp_total_reply_count":0,"_bbp_voice_count":0,"_bbp_anonymous_reply_count":0,"_bbp_topic_count_hidden":0,"_bbp_reply_count_hidden":0,"_bbp_forum_subforum_count":0,"footnotes":""},"categories":[40,60],"tags":[],"class_list":{"0":"post-348503","1":"post","2":"type-post","3":"status-publish","4":"format-standard","6":"category-comunidad","7":"category-titulares-del-dia"},"_links":{"self":[{"href":"https:\/\/primermomento.com\/index.php?rest_route=\/wp\/v2\/posts\/348503","targetHints":{"allow":["GET"]}}],"collection":[{"href":"https:\/\/primermomento.com\/index.php?rest_route=\/wp\/v2\/posts"}],"about":[{"href":"https:\/\/primermomento.com\/index.php?rest_route=\/wp\/v2\/types\/post"}],"author":[{"embeddable":true,"href":"https:\/\/primermomento.com\/index.php?rest_route=\/wp\/v2\/users\/1"}],"replies":[{"embeddable":true,"href":"https:\/\/primermomento.com\/index.php?rest_route=%2Fwp%2Fv2%2Fcomments&post=348503"}],"version-history":[{"count":1,"href":"https:\/\/primermomento.com\/index.php?rest_route=\/wp\/v2\/posts\/348503\/revisions"}],"predecessor-version":[{"id":348505,"href":"https:\/\/primermomento.com\/index.php?rest_route=\/wp\/v2\/posts\/348503\/revisions\/348505"}],"wp:attachment":[{"href":"https:\/\/primermomento.com\/index.php?rest_route=%2Fwp%2Fv2%2Fmedia&parent=348503"}],"wp:term":[{"taxonomy":"category","embeddable":true,"href":"https:\/\/primermomento.com\/index.php?rest_route=%2Fwp%2Fv2%2Fcategories&post=348503"},{"taxonomy":"post_tag","embeddable":true,"href":"https:\/\/primermomento.com\/index.php?rest_route=%2Fwp%2Fv2%2Ftags&post=348503"}],"curies":[{"name":"wp","href":"https:\/\/api.w.org\/{rel}","templated":true}]}}