{"id":348650,"date":"2021-07-28T22:30:00","date_gmt":"2021-07-29T02:30:00","guid":{"rendered":"http:\/\/primermomento.com\/?p=348650"},"modified":"2021-07-29T08:34:55","modified_gmt":"2021-07-29T12:34:55","slug":"presidente-abinader-decreta-duelo-por-deceso-de-johnny-ventura","status":"publish","type":"post","link":"https:\/\/primermomento.com\/?p=348650","title":{"rendered":"Presidente abinader decreta duelo por deceso de Johnny Ventura"},"content":{"rendered":"\n<p class=\"wp-block-paragraph\">SANTO DOMINGO, Rep\u00fablica Dominicana.- El presidente de la Rep\u00fablica Dominicana, Luis Abinader, decret\u00f3 duelo oficial los d\u00edas 29, 30 y 31 de julio por la muerte del popular artista Juan De Dios Ventura Soriano, conocido como Johnny Ventura.<\/p>\n\n\n\n<div class=\"wp-block-image\"><figure class=\"aligncenter size-large\"><img loading=\"lazy\" decoding=\"async\" width=\"792\" height=\"446\" src=\"http:\/\/primermomento.com\/wp-content\/uploads\/2021\/07\/Johnny-Ventura1.jpg\" alt=\"\" class=\"wp-image-348651\" srcset=\"https:\/\/primermomento.com\/wp-content\/uploads\/2021\/07\/Johnny-Ventura1.jpg 792w, https:\/\/primermomento.com\/wp-content\/uploads\/2021\/07\/Johnny-Ventura1-300x169.jpg 300w, https:\/\/primermomento.com\/wp-content\/uploads\/2021\/07\/Johnny-Ventura1-768x432.jpg 768w, https:\/\/primermomento.com\/wp-content\/uploads\/2021\/07\/Johnny-Ventura1-478x270.jpg 478w, https:\/\/primermomento.com\/wp-content\/uploads\/2021\/07\/Johnny-Ventura1-500x282.jpg 500w, https:\/\/primermomento.com\/wp-content\/uploads\/2021\/07\/Johnny-Ventura1-280x158.jpg 280w, https:\/\/primermomento.com\/wp-content\/uploads\/2021\/07\/Johnny-Ventura1-638x359.jpg 638w, https:\/\/primermomento.com\/wp-content\/uploads\/2021\/07\/Johnny-Ventura1-118x66.jpg 118w, https:\/\/primermomento.com\/wp-content\/uploads\/2021\/07\/Johnny-Ventura1-479x270.jpg 479w\" sizes=\"auto, (max-width: 792px) 100vw, 792px\" \/><\/figure><\/div>\n\n\n\n<p class=\"wp-block-paragraph\">El decreto 466-21, instruye al Ministerio de Defensa a rendir los honores militares al gran merenguero fallecido este mi\u00e9rcoles a los 81 a\u00f1os, y establece que la bandera nacional debe ondear a media asta en los recintos castrenses y edificios p\u00fablicos de todo el pa\u00eds.<\/p>\n\n\n\n<p class=\"wp-block-paragraph\">La norma jur\u00eddica precis\u00f3 que el Caballo Mayor, como le llamaba su pueblo, fue un extraordinario m\u00fasico el cual se destac\u00f3 como vocalista, compositor y l\u00edder de orquesta y su trayectoria fue expandida durante m\u00e1s de seis d\u00e9cadas, logrando revolucionar para siempre el g\u00e9nero del merengue y trasformar su percepci\u00f3n cultural en la sociedad dominicana.<\/p>\n\n\n\n<p class=\"wp-block-paragraph\">Asimismo, destac\u00f3 que Ventura catapult\u00f3 el g\u00e9nero del merengue a diversas partes del mundo con su ingente repertorio e incursion\u00f3 exitosamente en distintos \u00e1mbitos de la vida nacional, como la pol\u00edtica, al ser electo diputado de la Rep\u00fablica en 1990, y s\u00edndico del Distrito Nacional en 1998.<\/p>\n\n\n\n<p class=\"wp-block-paragraph\">Por su trayectoria, le fue otorgada la Orden Her\u00e1ldica de Crist\u00f3bal Col\u00f3n en el grado de Caballero en 1991, as\u00ed como la Orden de Duarte, S\u00e1nchez y Mella en el grado de Caballero en 1997.<\/p>\n\n\n\n<p class=\"has-text-align-right wp-block-paragraph\"><em>PL<\/em><\/p>\n","protected":false},"excerpt":{"rendered":"<p>SANTO DOMINGO, Rep\u00fablica Dominicana.- El presidente de la Rep\u00fablica Dominicana, Luis Abinader, decret\u00f3 duelo oficial los d\u00edas 29, 30 y 31 de julio por la muerte del popular artista Juan De Dios Ventura Soriano, conocido como Johnny Ventura. El decreto 466-21, instruye al Ministerio de Defensa a rendir los honores militares al gran merenguero fallecido [&hellip;]<\/p>\n","protected":false},"author":1,"featured_media":0,"comment_status":"open","ping_status":"open","sticky":false,"template":"","format":"standard","meta":{"_bbp_topic_count":0,"_bbp_reply_count":0,"_bbp_total_topic_count":0,"_bbp_total_reply_count":0,"_bbp_voice_count":0,"_bbp_anonymous_reply_count":0,"_bbp_topic_count_hidden":0,"_bbp_reply_count_hidden":0,"_bbp_forum_subforum_count":0,"footnotes":""},"categories":[39,60],"tags":[],"class_list":["post-348650","post","type-post","status-publish","format-standard","category-entretenimiento","category-titulares-del-dia"],"_links":{"self":[{"href":"https:\/\/primermomento.com\/index.php?rest_route=\/wp\/v2\/posts\/348650","targetHints":{"allow":["GET"]}}],"collection":[{"href":"https:\/\/primermomento.com\/index.php?rest_route=\/wp\/v2\/posts"}],"about":[{"href":"https:\/\/primermomento.com\/index.php?rest_route=\/wp\/v2\/types\/post"}],"author":[{"embeddable":true,"href":"https:\/\/primermomento.com\/index.php?rest_route=\/wp\/v2\/users\/1"}],"replies":[{"embeddable":true,"href":"https:\/\/primermomento.com\/index.php?rest_route=%2Fwp%2Fv2%2Fcomments&post=348650"}],"version-history":[{"count":1,"href":"https:\/\/primermomento.com\/index.php?rest_route=\/wp\/v2\/posts\/348650\/revisions"}],"predecessor-version":[{"id":348652,"href":"https:\/\/primermomento.com\/index.php?rest_route=\/wp\/v2\/posts\/348650\/revisions\/348652"}],"wp:attachment":[{"href":"https:\/\/primermomento.com\/index.php?rest_route=%2Fwp%2Fv2%2Fmedia&parent=348650"}],"wp:term":[{"taxonomy":"category","embeddable":true,"href":"https:\/\/primermomento.com\/index.php?rest_route=%2Fwp%2Fv2%2Fcategories&post=348650"},{"taxonomy":"post_tag","embeddable":true,"href":"https:\/\/primermomento.com\/index.php?rest_route=%2Fwp%2Fv2%2Ftags&post=348650"}],"curies":[{"name":"wp","href":"https:\/\/api.w.org\/{rel}","templated":true}]}}