{"id":348662,"date":"2021-07-29T15:18:24","date_gmt":"2021-07-29T19:18:24","guid":{"rendered":"http:\/\/primermomento.com\/?p=348662"},"modified":"2021-07-29T15:18:26","modified_gmt":"2021-07-29T19:18:26","slug":"republica-dominicana-mantiene-recuperacion-economica","status":"publish","type":"post","link":"https:\/\/primermomento.com\/?p=348662","title":{"rendered":"Rep\u00fablica Dominicana mantiene recuperaci\u00f3n econ\u00f3mica"},"content":{"rendered":"\n<p class=\"wp-block-paragraph\">SANTO DOMINGO, Rep\u00fablica Dominicana.- El pa\u00eds mantiene un positivo ritmo de recuperaci\u00f3n econ\u00f3mico y se espera terminar el a\u00f1o con un seis o siete por ciento de crecimiento, divulgaron hoy medios de prensa.<\/p>\n\n\n\n<div class=\"wp-block-image\"><figure class=\"aligncenter size-large\"><img loading=\"lazy\" decoding=\"async\" width=\"613\" height=\"409\" src=\"http:\/\/primermomento.com\/wp-content\/uploads\/2021\/06\/Miguel-Ceara-Hatton.jpg\" alt=\"\" class=\"wp-image-346670\" srcset=\"https:\/\/primermomento.com\/wp-content\/uploads\/2021\/06\/Miguel-Ceara-Hatton.jpg 613w, https:\/\/primermomento.com\/wp-content\/uploads\/2021\/06\/Miguel-Ceara-Hatton-300x200.jpg 300w, https:\/\/primermomento.com\/wp-content\/uploads\/2021\/06\/Miguel-Ceara-Hatton-73x50.jpg 73w, https:\/\/primermomento.com\/wp-content\/uploads\/2021\/06\/Miguel-Ceara-Hatton-500x334.jpg 500w, https:\/\/primermomento.com\/wp-content\/uploads\/2021\/06\/Miguel-Ceara-Hatton-280x187.jpg 280w, https:\/\/primermomento.com\/wp-content\/uploads\/2021\/06\/Miguel-Ceara-Hatton-60x40.jpg 60w, https:\/\/primermomento.com\/wp-content\/uploads\/2021\/06\/Miguel-Ceara-Hatton-118x79.jpg 118w, https:\/\/primermomento.com\/wp-content\/uploads\/2021\/06\/Miguel-Ceara-Hatton-479x320.jpg 479w\" sizes=\"auto, (max-width: 613px) 100vw, 613px\" \/><figcaption><em>Miguel Ceara<\/em><\/figcaption><\/figure><\/div>\n\n\n\n<p class=\"wp-block-paragraph\">Seg\u00fan el ministro de Econom\u00eda, Planificaci\u00f3n y Desarrollo, Miguel Ceara, &#8216;el tema de la vacunaci\u00f3n es esencial, es la defensa que tenemos, la amenaza de otro brote de la enfermedad est\u00e1 ah\u00ed y la \u00fanica forma de contrarrestarlo es con la vacuna para poder tener abierta la econom\u00eda&#8217;.<\/p>\n\n\n\n<p class=\"wp-block-paragraph\">Lo anterior lo expres\u00f3 el funcionario al anunciar el emprendimiento de 41 proyectos en 21 distritos municipales con tasas de pobreza de alrededor del 90 por ciento, los cuales ayudar\u00e1n en el empe\u00f1o de crecer econ\u00f3micamente.<\/p>\n\n\n\n<p class=\"wp-block-paragraph\">Los proyectos ser\u00e1n materializados en peque\u00f1as construcciones, como aceras, cementerios, funerarias, instalaciones deportivas, mataderos, mercados, parques, plazas, protecci\u00f3n del Medio Ambiente, reconstrucci\u00f3n de calles y caminos, servicios sociales b\u00e1sicos, vertederos y obras complementarias.<\/p>\n\n\n\n<p class=\"wp-block-paragraph\">Para la ejecuci\u00f3n de las obras el ejecutivo entregar\u00e1 119,7 millones de pesos (2,1 millones de d\u00f3lares), los cuales impactar\u00e1n en la calidad de vida de 89 mil 774 personas, emplear\u00e1 a mil 488 trabajadores para la mano de obra directa en el proceso de ejecuci\u00f3n y 453 en indirecta una vez terminados los proyectos.<\/p>\n\n\n\n<p class=\"has-text-align-right wp-block-paragraph\"><em>PL<\/em><\/p>\n","protected":false},"excerpt":{"rendered":"<p>SANTO DOMINGO, Rep\u00fablica Dominicana.- El pa\u00eds mantiene un positivo ritmo de recuperaci\u00f3n econ\u00f3mico y se espera terminar el a\u00f1o con un seis o siete por ciento de crecimiento, divulgaron hoy medios de prensa. Seg\u00fan el ministro de Econom\u00eda, Planificaci\u00f3n y Desarrollo, Miguel Ceara, &#8216;el tema de la vacunaci\u00f3n es esencial, es la defensa que tenemos, [&hellip;]<\/p>\n","protected":false},"author":1,"featured_media":0,"comment_status":"open","ping_status":"open","sticky":false,"template":"","format":"standard","meta":{"_bbp_topic_count":0,"_bbp_reply_count":0,"_bbp_total_topic_count":0,"_bbp_total_reply_count":0,"_bbp_voice_count":0,"_bbp_anonymous_reply_count":0,"_bbp_topic_count_hidden":0,"_bbp_reply_count_hidden":0,"_bbp_forum_subforum_count":0,"footnotes":""},"categories":[35,60],"tags":[],"class_list":["post-348662","post","type-post","status-publish","format-standard","category-economia","category-titulares-del-dia"],"_links":{"self":[{"href":"https:\/\/primermomento.com\/index.php?rest_route=\/wp\/v2\/posts\/348662","targetHints":{"allow":["GET"]}}],"collection":[{"href":"https:\/\/primermomento.com\/index.php?rest_route=\/wp\/v2\/posts"}],"about":[{"href":"https:\/\/primermomento.com\/index.php?rest_route=\/wp\/v2\/types\/post"}],"author":[{"embeddable":true,"href":"https:\/\/primermomento.com\/index.php?rest_route=\/wp\/v2\/users\/1"}],"replies":[{"embeddable":true,"href":"https:\/\/primermomento.com\/index.php?rest_route=%2Fwp%2Fv2%2Fcomments&post=348662"}],"version-history":[{"count":1,"href":"https:\/\/primermomento.com\/index.php?rest_route=\/wp\/v2\/posts\/348662\/revisions"}],"predecessor-version":[{"id":348663,"href":"https:\/\/primermomento.com\/index.php?rest_route=\/wp\/v2\/posts\/348662\/revisions\/348663"}],"wp:attachment":[{"href":"https:\/\/primermomento.com\/index.php?rest_route=%2Fwp%2Fv2%2Fmedia&parent=348662"}],"wp:term":[{"taxonomy":"category","embeddable":true,"href":"https:\/\/primermomento.com\/index.php?rest_route=%2Fwp%2Fv2%2Fcategories&post=348662"},{"taxonomy":"post_tag","embeddable":true,"href":"https:\/\/primermomento.com\/index.php?rest_route=%2Fwp%2Fv2%2Ftags&post=348662"}],"curies":[{"name":"wp","href":"https:\/\/api.w.org\/{rel}","templated":true}]}}