{"id":348745,"date":"2021-07-30T08:42:00","date_gmt":"2021-07-30T12:42:00","guid":{"rendered":"http:\/\/primermomento.com\/?p=348745"},"modified":"2021-07-30T18:43:43","modified_gmt":"2021-07-30T22:43:43","slug":"llama-dominicanos-preservar-legado-johnny-ventura","status":"publish","type":"post","link":"https:\/\/primermomento.com\/?p=348745","title":{"rendered":"Llama dominicanos preservar legado Johnny Ventura"},"content":{"rendered":"\n<p>NUEVA YORK, EEUU.- La organizaci\u00f3n \u201cPrensa &amp; Comunidad Hispana (PreCoHis)\u201d, que dirige el periodista Ram\u00f3n Mercedes, hizo un llamado a los dominicanos para que preserven el legado del fenecido artista Johnny Ventura.<\/p>\n\n\n\n<div class=\"wp-block-image\"><figure class=\"aligncenter size-large\"><img loading=\"lazy\" decoding=\"async\" width=\"740\" height=\"393\" src=\"http:\/\/primermomento.com\/wp-content\/uploads\/2021\/07\/Llama-dominicanos-preservar-legado-Johnny-Ventura-e-inculcarlo-nuevas-generaciones.jpg\" alt=\"\" class=\"wp-image-348746\" srcset=\"https:\/\/primermomento.com\/wp-content\/uploads\/2021\/07\/Llama-dominicanos-preservar-legado-Johnny-Ventura-e-inculcarlo-nuevas-generaciones.jpg 740w, https:\/\/primermomento.com\/wp-content\/uploads\/2021\/07\/Llama-dominicanos-preservar-legado-Johnny-Ventura-e-inculcarlo-nuevas-generaciones-300x159.jpg 300w, https:\/\/primermomento.com\/wp-content\/uploads\/2021\/07\/Llama-dominicanos-preservar-legado-Johnny-Ventura-e-inculcarlo-nuevas-generaciones-500x266.jpg 500w, https:\/\/primermomento.com\/wp-content\/uploads\/2021\/07\/Llama-dominicanos-preservar-legado-Johnny-Ventura-e-inculcarlo-nuevas-generaciones-280x149.jpg 280w, https:\/\/primermomento.com\/wp-content\/uploads\/2021\/07\/Llama-dominicanos-preservar-legado-Johnny-Ventura-e-inculcarlo-nuevas-generaciones-638x339.jpg 638w, https:\/\/primermomento.com\/wp-content\/uploads\/2021\/07\/Llama-dominicanos-preservar-legado-Johnny-Ventura-e-inculcarlo-nuevas-generaciones-118x63.jpg 118w, https:\/\/primermomento.com\/wp-content\/uploads\/2021\/07\/Llama-dominicanos-preservar-legado-Johnny-Ventura-e-inculcarlo-nuevas-generaciones-479x254.jpg 479w\" sizes=\"auto, (max-width: 740px) 100vw, 740px\" \/><\/figure><\/div>\n\n\n\n<p>Mercedes, hablando a nombre de los dem\u00e1s directivos, sostuvo que ese gran propulsor del merengue, folclor y arte de la Rep\u00fablica Dominicana, como lo fue Ventura, hay que inculc\u00e1rselo a las nuevas generaciones.<\/p>\n\n\n\n<p>El comunicador manifest\u00f3 que hace la solicitud porque Ventura fue el m\u00e1ximo exponente del merengue declarado por la Organizaci\u00f3n de Naciones Unidas para la Educaci\u00f3n, la Ciencia y la Cultura (Unesco), en el 2016, como Patrimonio Cultural Inmaterial de la Humanidad.<\/p>\n\n\n\n<p>Sostuvo que el aporte del fenecido artista fue tan significativo y grande para el pa\u00eds que el Estado dominicano declar\u00f3 tres d\u00edas de duelo oficial en RD y su cuerpo ser\u00e1 expuesto tambi\u00e9n durante tres d\u00edas en varias instituciones a las cuales sirvi\u00f3 con ejemplo y gallard\u00eda.<\/p>\n\n\n\n<p>Este jueves fue expuesto en acto privado en la Funeraria Blandino y este viernes en la C\u00e1mara de Diputados, Ayuntamiento del Distrito Nacional, y el Partido La Fuerza del Pueblo (FP).<\/p>\n\n\n\n<p>Mientras que este s\u00e1bado ser\u00e1 velado en el Palacio de los Deportes, para que el pueblo le d\u00e9 su \u00faltimo adi\u00f3s, luego sus restos ser\u00e1n llevados al sector capitalino de Villa Juana, de donde era oriundo, y desde ah\u00ed trasladado al Cementerio Cristo Redentor para su cristiana sepultura, record\u00f3 el comunicador.<\/p>\n\n\n\n<p>Mercedes solicit\u00f3 a las instituciones oficiales, a los senadores, diputados y s\u00edndicos poner su nombre en lugares de muchas visitas y tr\u00e1nsito para que el afamado artista sea recordado diariamente, porque es un ejemplo a seguir, acot\u00f3 Mercedes.<\/p>\n\n\n\n<p class=\"has-text-align-right\"><em>Ram\u00f3n Mercedes<\/em><\/p>\n","protected":false},"excerpt":{"rendered":"<p>NUEVA YORK, EEUU.- La organizaci\u00f3n \u201cPrensa &amp; Comunidad Hispana (PreCoHis)\u201d, que dirige el periodista Ram\u00f3n Mercedes, hizo un llamado a los dominicanos para que preserven el legado del fenecido artista Johnny Ventura. Mercedes, hablando a nombre de los dem\u00e1s directivos, sostuvo que ese gran propulsor del merengue, folclor y arte de la Rep\u00fablica Dominicana, como [&hellip;]<\/p>\n","protected":false},"author":1,"featured_media":0,"comment_status":"open","ping_status":"open","sticky":false,"template":"","format":"standard","meta":{"_bbp_topic_count":0,"_bbp_reply_count":0,"_bbp_total_topic_count":0,"_bbp_total_reply_count":0,"_bbp_voice_count":0,"_bbp_anonymous_reply_count":0,"_bbp_topic_count_hidden":0,"_bbp_reply_count_hidden":0,"_bbp_forum_subforum_count":0,"footnotes":""},"categories":[40,60],"tags":[],"class_list":{"0":"post-348745","1":"post","2":"type-post","3":"status-publish","4":"format-standard","6":"category-comunidad","7":"category-titulares-del-dia"},"_links":{"self":[{"href":"https:\/\/primermomento.com\/index.php?rest_route=\/wp\/v2\/posts\/348745","targetHints":{"allow":["GET"]}}],"collection":[{"href":"https:\/\/primermomento.com\/index.php?rest_route=\/wp\/v2\/posts"}],"about":[{"href":"https:\/\/primermomento.com\/index.php?rest_route=\/wp\/v2\/types\/post"}],"author":[{"embeddable":true,"href":"https:\/\/primermomento.com\/index.php?rest_route=\/wp\/v2\/users\/1"}],"replies":[{"embeddable":true,"href":"https:\/\/primermomento.com\/index.php?rest_route=%2Fwp%2Fv2%2Fcomments&post=348745"}],"version-history":[{"count":1,"href":"https:\/\/primermomento.com\/index.php?rest_route=\/wp\/v2\/posts\/348745\/revisions"}],"predecessor-version":[{"id":348747,"href":"https:\/\/primermomento.com\/index.php?rest_route=\/wp\/v2\/posts\/348745\/revisions\/348747"}],"wp:attachment":[{"href":"https:\/\/primermomento.com\/index.php?rest_route=%2Fwp%2Fv2%2Fmedia&parent=348745"}],"wp:term":[{"taxonomy":"category","embeddable":true,"href":"https:\/\/primermomento.com\/index.php?rest_route=%2Fwp%2Fv2%2Fcategories&post=348745"},{"taxonomy":"post_tag","embeddable":true,"href":"https:\/\/primermomento.com\/index.php?rest_route=%2Fwp%2Fv2%2Ftags&post=348745"}],"curies":[{"name":"wp","href":"https:\/\/api.w.org\/{rel}","templated":true}]}}