{"id":348748,"date":"2021-07-30T08:44:00","date_gmt":"2021-07-30T12:44:00","guid":{"rendered":"http:\/\/primermomento.com\/?p=348748"},"modified":"2021-07-30T18:46:22","modified_gmt":"2021-07-30T22:46:22","slug":"feria-del-libro-en-ny-y-la-primera-cultural-a-celebrarse","status":"publish","type":"post","link":"https:\/\/primermomento.com\/?p=348748","title":{"rendered":"Feria del Libro en NY y la primera Cultural a celebrarse"},"content":{"rendered":"\n<p>NUEVA YORK, EEUU.- El director de la Feria del Libro en esta ciudad, Javier Fuentes, anunci\u00f3 que dentro de ese evento\u00a0\u00a0a celebrarse los pr\u00f3ximos d\u00edas 15, 16 y 17 de octubre,\u00a0se efectuar\u00e1 una Feria Cultural.\u00a0<\/p>\n\n\n\n<div class=\"wp-block-image\"><figure class=\"aligncenter size-large\"><img loading=\"lazy\" decoding=\"async\" width=\"678\" height=\"495\" src=\"http:\/\/primermomento.com\/wp-content\/uploads\/2021\/07\/Feria-del-Libro-en-NY-y-la-primera-Cultural-a-celebrarse.jpg\" alt=\"\" class=\"wp-image-348749\" srcset=\"https:\/\/primermomento.com\/wp-content\/uploads\/2021\/07\/Feria-del-Libro-en-NY-y-la-primera-Cultural-a-celebrarse.jpg 678w, https:\/\/primermomento.com\/wp-content\/uploads\/2021\/07\/Feria-del-Libro-en-NY-y-la-primera-Cultural-a-celebrarse-300x219.jpg 300w, https:\/\/primermomento.com\/wp-content\/uploads\/2021\/07\/Feria-del-Libro-en-NY-y-la-primera-Cultural-a-celebrarse-500x365.jpg 500w, https:\/\/primermomento.com\/wp-content\/uploads\/2021\/07\/Feria-del-Libro-en-NY-y-la-primera-Cultural-a-celebrarse-280x204.jpg 280w, https:\/\/primermomento.com\/wp-content\/uploads\/2021\/07\/Feria-del-Libro-en-NY-y-la-primera-Cultural-a-celebrarse-638x466.jpg 638w, https:\/\/primermomento.com\/wp-content\/uploads\/2021\/07\/Feria-del-Libro-en-NY-y-la-primera-Cultural-a-celebrarse-118x86.jpg 118w, https:\/\/primermomento.com\/wp-content\/uploads\/2021\/07\/Feria-del-Libro-en-NY-y-la-primera-Cultural-a-celebrarse-479x350.jpg 479w\" sizes=\"auto, (max-width: 678px) 100vw, 678px\" \/><\/figure><\/div>\n\n\n\n<p>En la actividad participar\u00e1n dise\u00f1adores, modistos y artesanos, parte de los cuales elaboran productos relacionados con el tabaco.&nbsp;<\/p>\n\n\n\n<p>Inform\u00f3 que ha venido recibiendo el respaldo en su m\u00e1xima expresi\u00f3n de parte de la Comisionada Dominicana de Cultura, Lourdes Batista.<\/p>\n\n\n\n<p>Expres\u00f3 que para la celebraci\u00f3n hay recursos limitados y est\u00e1n recurriendo a empresarios, profesionales, amigos y comerciantes para que hagan sus aportaciones, ya que los recursos de la RD est\u00e1n siendo invertidos en los casos de la pandemia.<\/p>\n\n\n\n<p>Anunci\u00f3 que la cena de gala ser\u00e1 celebrada el d\u00eda 14 de octubre y servir\u00e1 para la recaudaci\u00f3n de fondos para la actividad.<\/p>\n\n\n\n<p>En la Feria Cultural habr\u00e1 presentaciones de distintas disciplinas, entre ellas de teatro y cine. Se instalar\u00e1n dos pabellones, uno m\u00e9dico para ofrecer orientaciones de salud y de deportes que cubrir\u00e1 varias disciplinas.&nbsp;<\/p>\n\n\n\n<p>Fuentes dijo que se esperan artistas, poetas y escritores de Europa, Argentina, Puerto Rico y otros pa\u00edses de Am\u00e9rica.<\/p>\n\n\n\n<p>De Rep\u00fablica Dominicana vendr\u00e1n el Ministro de Ciencia y Tecnolog\u00eda, representantes de las Universidades UASD y del Caribe, el Grupo Le\u00f3n, Librer\u00eda Cuesta, artistas, locutores y presentadores de TV.<\/p>\n\n\n\n<p>Adem\u00e1s, desde varios estados del territorio estadounidense, quienes han confirmado su participaci\u00f3n.<\/p>\n\n\n\n<p>El abogado y polit\u00f3logo, expres\u00f3 estar satisfecho y orgulloso del desempe\u00f1o de cada uno de los equipos, por la pasi\u00f3n, amor y dedicaci\u00f3n con la que est\u00e1n llevando sus asignaciones\u201d, precis\u00f3.<\/p>\n\n\n\n<p class=\"has-text-align-right\"><em>Ram\u00f3n Mercedes<\/em><\/p>\n","protected":false},"excerpt":{"rendered":"<p>NUEVA YORK, EEUU.- El director de la Feria del Libro en esta ciudad, Javier Fuentes, anunci\u00f3 que dentro de ese evento\u00a0\u00a0a celebrarse los pr\u00f3ximos d\u00edas 15, 16 y 17 de octubre,\u00a0se efectuar\u00e1 una Feria Cultural.\u00a0 En la actividad participar\u00e1n dise\u00f1adores, modistos y artesanos, parte de los cuales elaboran productos relacionados con el tabaco.&nbsp; Inform\u00f3 que [&hellip;]<\/p>\n","protected":false},"author":1,"featured_media":0,"comment_status":"open","ping_status":"open","sticky":false,"template":"","format":"standard","meta":{"_bbp_topic_count":0,"_bbp_reply_count":0,"_bbp_total_topic_count":0,"_bbp_total_reply_count":0,"_bbp_voice_count":0,"_bbp_anonymous_reply_count":0,"_bbp_topic_count_hidden":0,"_bbp_reply_count_hidden":0,"_bbp_forum_subforum_count":0,"footnotes":""},"categories":[40,60],"tags":[],"class_list":{"0":"post-348748","1":"post","2":"type-post","3":"status-publish","4":"format-standard","6":"category-comunidad","7":"category-titulares-del-dia"},"_links":{"self":[{"href":"https:\/\/primermomento.com\/index.php?rest_route=\/wp\/v2\/posts\/348748","targetHints":{"allow":["GET"]}}],"collection":[{"href":"https:\/\/primermomento.com\/index.php?rest_route=\/wp\/v2\/posts"}],"about":[{"href":"https:\/\/primermomento.com\/index.php?rest_route=\/wp\/v2\/types\/post"}],"author":[{"embeddable":true,"href":"https:\/\/primermomento.com\/index.php?rest_route=\/wp\/v2\/users\/1"}],"replies":[{"embeddable":true,"href":"https:\/\/primermomento.com\/index.php?rest_route=%2Fwp%2Fv2%2Fcomments&post=348748"}],"version-history":[{"count":1,"href":"https:\/\/primermomento.com\/index.php?rest_route=\/wp\/v2\/posts\/348748\/revisions"}],"predecessor-version":[{"id":348750,"href":"https:\/\/primermomento.com\/index.php?rest_route=\/wp\/v2\/posts\/348748\/revisions\/348750"}],"wp:attachment":[{"href":"https:\/\/primermomento.com\/index.php?rest_route=%2Fwp%2Fv2%2Fmedia&parent=348748"}],"wp:term":[{"taxonomy":"category","embeddable":true,"href":"https:\/\/primermomento.com\/index.php?rest_route=%2Fwp%2Fv2%2Fcategories&post=348748"},{"taxonomy":"post_tag","embeddable":true,"href":"https:\/\/primermomento.com\/index.php?rest_route=%2Fwp%2Fv2%2Ftags&post=348748"}],"curies":[{"name":"wp","href":"https:\/\/api.w.org\/{rel}","templated":true}]}}