{"id":348966,"date":"2021-08-03T13:00:00","date_gmt":"2021-08-03T17:00:00","guid":{"rendered":"http:\/\/primermomento.com\/?p=348966"},"modified":"2021-08-03T14:09:16","modified_gmt":"2021-08-03T18:09:16","slug":"aumentan-detenciones-de-ninos-migrantes-en-frontera-de-eeuu","status":"publish","type":"post","link":"https:\/\/primermomento.com\/?p=348966","title":{"rendered":"Aumentan detenciones de ni\u00f1os migrantes en frontera de EEUU"},"content":{"rendered":"\n<p>WASHINGTON, EEUU.- Las autoridades migratorias de Estados Unidos marcaron un hito m\u00e1ximo de arrestos a menores migrantes en julio, al detener en la frontera sur a aproximadamente 19 mil ni\u00f1os, informaron hoy medios oficiales.<\/p>\n\n\n\n<div class=\"wp-block-image\"><figure class=\"aligncenter size-large\"><img loading=\"lazy\" decoding=\"async\" width=\"748\" height=\"498\" src=\"http:\/\/primermomento.com\/wp-content\/uploads\/2021\/08\/pdetencionmigrantes.jpg\" alt=\"\" class=\"wp-image-348967\" srcset=\"https:\/\/primermomento.com\/wp-content\/uploads\/2021\/08\/pdetencionmigrantes.jpg 748w, https:\/\/primermomento.com\/wp-content\/uploads\/2021\/08\/pdetencionmigrantes-300x200.jpg 300w, https:\/\/primermomento.com\/wp-content\/uploads\/2021\/08\/pdetencionmigrantes-73x50.jpg 73w, https:\/\/primermomento.com\/wp-content\/uploads\/2021\/08\/pdetencionmigrantes-500x333.jpg 500w, https:\/\/primermomento.com\/wp-content\/uploads\/2021\/08\/pdetencionmigrantes-280x186.jpg 280w, https:\/\/primermomento.com\/wp-content\/uploads\/2021\/08\/pdetencionmigrantes-60x40.jpg 60w, https:\/\/primermomento.com\/wp-content\/uploads\/2021\/08\/pdetencionmigrantes-638x425.jpg 638w, https:\/\/primermomento.com\/wp-content\/uploads\/2021\/08\/pdetencionmigrantes-118x79.jpg 118w, https:\/\/primermomento.com\/wp-content\/uploads\/2021\/08\/pdetencionmigrantes-479x319.jpg 479w\" sizes=\"auto, (max-width: 748px) 100vw, 748px\" \/><\/figure><\/div>\n\n\n\n<p>&#8216;El incremento de migrantes en la frontera con respecto a junio fue sorprendente. Los cruces suelen disminuir en esa fehca debido al calor&#8217;, explic\u00f3 David Shahoulian, funcionario del Departamento de Seguridad Nacional de Estados Unidos (DHS, por sus siglas en ingles).<\/p>\n\n\n\n<p>En marzo la guardia fronteriza detuvo a 18 mil 877 menores sin acompa\u00f1antes, mientras que en junio arrest\u00f3 a 15 mil 253, Shahoulian inform\u00f3.<\/p>\n\n\n\n<p>Las autoridades tambi\u00e9n arrestaron a cerca de 80 mil personas que viajaban en familia durante julio.<\/p>\n\n\n\n<p>Aunque la cifra est\u00e1 por debajo del r\u00e9cord m\u00e1ximo de 88 mil 857 registrado en mayo de 2019, el incremento es considerable teniendo en cuenta que en junio pasado la polic\u00eda fronteriza detuvo a 55 mil 805 migrantes.<\/p>\n\n\n\n<p>El Departamento de Seguridad Nacional (DHS) asegur\u00f3 que continuar\u00e1 negando asilo a adultos solos y familias. Los menores que viajan solos est\u00e1n exentos de esta prohibici\u00f3n.<\/p>\n\n\n\n<p>&#8216;Estamos decepcionados del Presidente Joe Biden por abandonar la promesa de ofrecer un trato justo y humano a las familias que buscan asilo en Estados Unidos&#8217;, afirm\u00f3 Neela Chakravartula, abogada gerente del Centro de Estudios sobre G\u00e9nero y Refugiados.<\/p>\n\n\n\n<p>Esta semana, Chakravartula reanud\u00f3 una batalla jur\u00eddica para que el gobierno cancele el T\u00edtulo 42, una pol\u00edtica de expulsi\u00f3n de migrantes implementada en la era de Donald Trump (2017 &#8211; 2021).<\/p>\n\n\n\n<p>La pol\u00edtica, implementada hace un a\u00f1o en el contexto de la pandemia, restringe el cruce terrestre &#8216;no esencial&#8217; desde M\u00e9xico hacia los Estados Unidos y avala a la polic\u00eda fronteriza a expulsar a cualquier individuo que busque llegar a territorio estadounidense.<\/p>\n\n\n\n<p class=\"has-text-align-right\"><em>PL<\/em><\/p>\n","protected":false},"excerpt":{"rendered":"<p>WASHINGTON, EEUU.- Las autoridades migratorias de Estados Unidos marcaron un hito m\u00e1ximo de arrestos a menores migrantes en julio, al detener en la frontera sur a aproximadamente 19 mil ni\u00f1os, informaron hoy medios oficiales. &#8216;El incremento de migrantes en la frontera con respecto a junio fue sorprendente. Los cruces suelen disminuir en esa fehca debido [&hellip;]<\/p>\n","protected":false},"author":1,"featured_media":0,"comment_status":"open","ping_status":"open","sticky":false,"template":"","format":"standard","meta":{"_bbp_topic_count":0,"_bbp_reply_count":0,"_bbp_total_topic_count":0,"_bbp_total_reply_count":0,"_bbp_voice_count":0,"_bbp_anonymous_reply_count":0,"_bbp_topic_count_hidden":0,"_bbp_reply_count_hidden":0,"_bbp_forum_subforum_count":0,"footnotes":""},"categories":[40,60],"tags":[],"class_list":{"0":"post-348966","1":"post","2":"type-post","3":"status-publish","4":"format-standard","6":"category-comunidad","7":"category-titulares-del-dia"},"_links":{"self":[{"href":"https:\/\/primermomento.com\/index.php?rest_route=\/wp\/v2\/posts\/348966","targetHints":{"allow":["GET"]}}],"collection":[{"href":"https:\/\/primermomento.com\/index.php?rest_route=\/wp\/v2\/posts"}],"about":[{"href":"https:\/\/primermomento.com\/index.php?rest_route=\/wp\/v2\/types\/post"}],"author":[{"embeddable":true,"href":"https:\/\/primermomento.com\/index.php?rest_route=\/wp\/v2\/users\/1"}],"replies":[{"embeddable":true,"href":"https:\/\/primermomento.com\/index.php?rest_route=%2Fwp%2Fv2%2Fcomments&post=348966"}],"version-history":[{"count":1,"href":"https:\/\/primermomento.com\/index.php?rest_route=\/wp\/v2\/posts\/348966\/revisions"}],"predecessor-version":[{"id":348968,"href":"https:\/\/primermomento.com\/index.php?rest_route=\/wp\/v2\/posts\/348966\/revisions\/348968"}],"wp:attachment":[{"href":"https:\/\/primermomento.com\/index.php?rest_route=%2Fwp%2Fv2%2Fmedia&parent=348966"}],"wp:term":[{"taxonomy":"category","embeddable":true,"href":"https:\/\/primermomento.com\/index.php?rest_route=%2Fwp%2Fv2%2Fcategories&post=348966"},{"taxonomy":"post_tag","embeddable":true,"href":"https:\/\/primermomento.com\/index.php?rest_route=%2Fwp%2Fv2%2Ftags&post=348966"}],"curies":[{"name":"wp","href":"https:\/\/api.w.org\/{rel}","templated":true}]}}