{"id":349093,"date":"2021-08-05T09:22:00","date_gmt":"2021-08-05T13:22:00","guid":{"rendered":"http:\/\/primermomento.com\/?p=349093"},"modified":"2021-08-05T14:26:18","modified_gmt":"2021-08-05T18:26:18","slug":"convocan-concentracion-masiva-al-congreso-nacional","status":"publish","type":"post","link":"https:\/\/primermomento.com\/?p=349093","title":{"rendered":"Convocan concentraci\u00f3n masiva al Congreso Nacional"},"content":{"rendered":"\n<p>SANTO DOMINGO, Rep\u00fablica Dominicana.-&nbsp;Organizaciones de la Sociedad Civil, junto a las iglesias cat\u00f3licas y evang\u00e9licas, invitan a toda la sociedad a unirse a la Concentraci\u00f3n por la Naci\u00f3n, que se llevar\u00e1 a cabo el pr\u00f3ximo s\u00e1bado 7 de agosto frente al Congreso Nacional, a las 4:00 pm.<\/p>\n\n\n\n<figure class=\"wp-block-image size-large\"><img loading=\"lazy\" decoding=\"async\" width=\"800\" height=\"515\" src=\"http:\/\/primermomento.com\/wp-content\/uploads\/2017\/02\/congreso-nacional.jpg\" alt=\"\" class=\"wp-image-287644\" srcset=\"https:\/\/primermomento.com\/wp-content\/uploads\/2017\/02\/congreso-nacional.jpg 800w, https:\/\/primermomento.com\/wp-content\/uploads\/2017\/02\/congreso-nacional-300x193.jpg 300w, https:\/\/primermomento.com\/wp-content\/uploads\/2017\/02\/congreso-nacional-768x494.jpg 768w, https:\/\/primermomento.com\/wp-content\/uploads\/2017\/02\/congreso-nacional-500x322.jpg 500w, https:\/\/primermomento.com\/wp-content\/uploads\/2017\/02\/congreso-nacional-280x180.jpg 280w, https:\/\/primermomento.com\/wp-content\/uploads\/2017\/02\/congreso-nacional-60x40.jpg 60w, https:\/\/primermomento.com\/wp-content\/uploads\/2017\/02\/congreso-nacional-638x411.jpg 638w, https:\/\/primermomento.com\/wp-content\/uploads\/2017\/02\/congreso-nacional-118x76.jpg 118w, https:\/\/primermomento.com\/wp-content\/uploads\/2017\/02\/congreso-nacional-479x308.jpg 479w\" sizes=\"auto, (max-width: 800px) 100vw, 800px\" \/><\/figure>\n\n\n\n<p>En dicha concentraci\u00f3n, se dar\u00e1n declaraciones sobre el atentado de algunos senadores que procuran retrasar una pieza jur\u00eddica tan importante como lo es el C\u00f3digo Penal, sin mostrar ninguna sensibilidad a todos los cr\u00edmenes que est\u00e1n tipificados y penalizados en la misma; algunos de estos como: la violencia contra las mujeres, los homicidios, mayor plazo de prescripci\u00f3n para el delito de incesto y violaci\u00f3n, el sicariato, la violencia sexista y crimen de arrojar \u201c\u00e1cido del diablo\u201d, entre otros. Se recuerda que el C\u00f3digo Penal ha sido trabajado por 20 a\u00f1os, siendo aprobado en el 2021 con el apoyo mayoritario de la C\u00e1mara de Diputados, en primera y segunda lectura, luego de concluir un proceso de discusi\u00f3n con diferentes grupos de la sociedad.&nbsp;&nbsp;<\/p>\n\n\n\n<p>En esta concentraci\u00f3n se dar\u00e1n cita organizaciones civiles de defensa de la vida, la familia, la integridad y la soberan\u00eda de la naci\u00f3n. Adem\u00e1s de los obispos, ap\u00f3stoles, pastores, di\u00e1conos y sacerdotes en representaci\u00f3n de las comunidades cristianas.&nbsp;&nbsp;Y, finalmente, a todo ciudadano dominicano preocupado por su naci\u00f3n.<\/p>\n\n\n\n<p>Los representantes de las diversas organizaciones exhortan al Pleno del Senado acatar el llamado del 97% de los senadores que apoyan la aprobaci\u00f3n inmediata del C\u00f3digo Penal, antes de perimir la presente legislatura.<\/p>\n","protected":false},"excerpt":{"rendered":"<p>SANTO DOMINGO, Rep\u00fablica Dominicana.-&nbsp;Organizaciones de la Sociedad Civil, junto a las iglesias cat\u00f3licas y evang\u00e9licas, invitan a toda la sociedad a unirse a la Concentraci\u00f3n por la Naci\u00f3n, que se llevar\u00e1 a cabo el pr\u00f3ximo s\u00e1bado 7 de agosto frente al Congreso Nacional, a las 4:00 pm. En dicha concentraci\u00f3n, se dar\u00e1n declaraciones sobre el [&hellip;]<\/p>\n","protected":false},"author":1,"featured_media":0,"comment_status":"open","ping_status":"open","sticky":false,"template":"","format":"standard","meta":{"_bbp_topic_count":0,"_bbp_reply_count":0,"_bbp_total_topic_count":0,"_bbp_total_reply_count":0,"_bbp_voice_count":0,"_bbp_anonymous_reply_count":0,"_bbp_topic_count_hidden":0,"_bbp_reply_count_hidden":0,"_bbp_forum_subforum_count":0,"footnotes":""},"categories":[30,60],"tags":[],"class_list":{"0":"post-349093","1":"post","2":"type-post","3":"status-publish","4":"format-standard","6":"category-actualidad","7":"category-titulares-del-dia"},"_links":{"self":[{"href":"https:\/\/primermomento.com\/index.php?rest_route=\/wp\/v2\/posts\/349093","targetHints":{"allow":["GET"]}}],"collection":[{"href":"https:\/\/primermomento.com\/index.php?rest_route=\/wp\/v2\/posts"}],"about":[{"href":"https:\/\/primermomento.com\/index.php?rest_route=\/wp\/v2\/types\/post"}],"author":[{"embeddable":true,"href":"https:\/\/primermomento.com\/index.php?rest_route=\/wp\/v2\/users\/1"}],"replies":[{"embeddable":true,"href":"https:\/\/primermomento.com\/index.php?rest_route=%2Fwp%2Fv2%2Fcomments&post=349093"}],"version-history":[{"count":1,"href":"https:\/\/primermomento.com\/index.php?rest_route=\/wp\/v2\/posts\/349093\/revisions"}],"predecessor-version":[{"id":349094,"href":"https:\/\/primermomento.com\/index.php?rest_route=\/wp\/v2\/posts\/349093\/revisions\/349094"}],"wp:attachment":[{"href":"https:\/\/primermomento.com\/index.php?rest_route=%2Fwp%2Fv2%2Fmedia&parent=349093"}],"wp:term":[{"taxonomy":"category","embeddable":true,"href":"https:\/\/primermomento.com\/index.php?rest_route=%2Fwp%2Fv2%2Fcategories&post=349093"},{"taxonomy":"post_tag","embeddable":true,"href":"https:\/\/primermomento.com\/index.php?rest_route=%2Fwp%2Fv2%2Ftags&post=349093"}],"curies":[{"name":"wp","href":"https:\/\/api.w.org\/{rel}","templated":true}]}}