{"id":349217,"date":"2021-08-07T07:34:25","date_gmt":"2021-08-07T11:34:25","guid":{"rendered":"http:\/\/primermomento.com\/?p=349217"},"modified":"2021-08-07T07:34:26","modified_gmt":"2021-08-07T11:34:26","slug":"consulado-invita-a-comunidad-asistir-a-misa-en-honor-a-johnny-ventura","status":"publish","type":"post","link":"https:\/\/primermomento.com\/?p=349217","title":{"rendered":"Consulado invita a comunidad asistir a misa en honor a Johnny Ventura"},"content":{"rendered":"\n<p>NUEVA YORK, EEUU.- El Consulado General de la Rep\u00fablica Dominicana en esta ciudad est\u00e1 invitando a la \u00a0comunidad \u00a0quisqueyana \u00a0a participar masivamente en la misa que ser\u00e1 oficiada el pr\u00f3ximo Lunes 9 de agosto, \u00a0en honor a la memoria del legendario\u00a0 artista Johnny Ventura, con motivo de su novenario.<\/p>\n\n\n\n<div class=\"wp-block-image\"><figure class=\"aligncenter size-large\"><img loading=\"lazy\" decoding=\"async\" width=\"676\" height=\"451\" src=\"http:\/\/primermomento.com\/wp-content\/uploads\/2021\/07\/Johnny-Ventura21.jpg\" alt=\"\" class=\"wp-image-348660\" srcset=\"https:\/\/primermomento.com\/wp-content\/uploads\/2021\/07\/Johnny-Ventura21.jpg 676w, https:\/\/primermomento.com\/wp-content\/uploads\/2021\/07\/Johnny-Ventura21-300x200.jpg 300w, https:\/\/primermomento.com\/wp-content\/uploads\/2021\/07\/Johnny-Ventura21-73x50.jpg 73w, https:\/\/primermomento.com\/wp-content\/uploads\/2021\/07\/Johnny-Ventura21-500x334.jpg 500w, https:\/\/primermomento.com\/wp-content\/uploads\/2021\/07\/Johnny-Ventura21-280x187.jpg 280w, https:\/\/primermomento.com\/wp-content\/uploads\/2021\/07\/Johnny-Ventura21-60x40.jpg 60w, https:\/\/primermomento.com\/wp-content\/uploads\/2021\/07\/Johnny-Ventura21-638x426.jpg 638w, https:\/\/primermomento.com\/wp-content\/uploads\/2021\/07\/Johnny-Ventura21-118x79.jpg 118w, https:\/\/primermomento.com\/wp-content\/uploads\/2021\/07\/Johnny-Ventura21-479x320.jpg 479w\" sizes=\"auto, (max-width: 676px) 100vw, 676px\" \/><\/figure><\/div>\n\n\n\n<p>En una nota&nbsp; enviada a nuestra redacci\u00f3n por el Departamento de Prensa y Comunicaciones de la sede consular, se informa&nbsp; que la misa ser\u00e1 a partir de las 6:00 P.M. &nbsp;&nbsp;en la Iglesia&nbsp; Santa Cruz, &nbsp;localizada en Fort&nbsp; Washington Ave. ,esquina &nbsp;calle 179, en el Alto Manhattan.<\/p>\n\n\n\n<p>La misa que ser\u00e1 oficiada por el sacerdote Luis Barrios, y a la misma han sido&nbsp; invitada la empleoman\u00eda del Consulado, encabezada por el honorable C\u00f3nsul dominicano en Nueva York, ingeniero Eligio J\u00e1quez, adem\u00e1s de todos los sectores de la comunidad, quienes honrar\u00e1n el \u00edcono del merengue&nbsp; Johnny Ventura.<\/p>\n\n\n\n<p>El merenguero dominicano&nbsp; Johnny Ventura, falleci\u00f3 el mi\u00e9rcoles &nbsp;7 de agosto&nbsp; a los 81 a\u00f1os&nbsp; v\u00edctima de un infarto&nbsp; en una cl\u00ednica de la ciudad de Santiago, donde se encontraba, realizando trabajos de grabaci\u00f3n<\/p>\n\n\n\n<p>El reconocido m\u00fasico, cantante y pol\u00edtico, quien ten\u00eda unas&nbsp; seis d\u00e9cadas &nbsp;en el arte&nbsp; y conocido por temas&nbsp; como \u201cPatac\u00f3n Pizao\u201d, \u201cSalsa pa\u2019tu lech\u00f3n\u201d, \u201cy si vuelvo a nacer, vuelvo hacer dominicano\u201d y muchos m\u00e1s. El artista naci\u00f3 el 8 de marzo&nbsp; de 1940 en Santo Domingo, donde resid\u00eda junto&nbsp; a su esposa e hijos.<\/p>\n\n\n\n<p>Por \u00faltimo el C\u00f3nsul Eligio &nbsp;J\u00e1quez hizo un llamado a funcionarios del gobierno, empresarios, profesionales, activistas comunitarios y a la comunidad en general a que asistan al novenario en honor al artista que llen\u00f3 de alegr\u00eda al pueblo dominicano y al mundo y que adem\u00e1s fue un ciudadano ejemplar y defensor de los mejores intereses de Rep\u00fablica Dominicana.<\/p>\n\n\n\n<p><\/p>\n","protected":false},"excerpt":{"rendered":"<p>NUEVA YORK, EEUU.- El Consulado General de la Rep\u00fablica Dominicana en esta ciudad est\u00e1 invitando a la \u00a0comunidad \u00a0quisqueyana \u00a0a participar masivamente en la misa que ser\u00e1 oficiada el pr\u00f3ximo Lunes 9 de agosto, \u00a0en honor a la memoria del legendario\u00a0 artista Johnny Ventura, con motivo de su novenario. En una nota&nbsp; enviada a nuestra [&hellip;]<\/p>\n","protected":false},"author":1,"featured_media":0,"comment_status":"open","ping_status":"open","sticky":false,"template":"","format":"standard","meta":{"_bbp_topic_count":0,"_bbp_reply_count":0,"_bbp_total_topic_count":0,"_bbp_total_reply_count":0,"_bbp_voice_count":0,"_bbp_anonymous_reply_count":0,"_bbp_topic_count_hidden":0,"_bbp_reply_count_hidden":0,"_bbp_forum_subforum_count":0,"footnotes":""},"categories":[40,60],"tags":[],"class_list":{"0":"post-349217","1":"post","2":"type-post","3":"status-publish","4":"format-standard","6":"category-comunidad","7":"category-titulares-del-dia"},"_links":{"self":[{"href":"https:\/\/primermomento.com\/index.php?rest_route=\/wp\/v2\/posts\/349217","targetHints":{"allow":["GET"]}}],"collection":[{"href":"https:\/\/primermomento.com\/index.php?rest_route=\/wp\/v2\/posts"}],"about":[{"href":"https:\/\/primermomento.com\/index.php?rest_route=\/wp\/v2\/types\/post"}],"author":[{"embeddable":true,"href":"https:\/\/primermomento.com\/index.php?rest_route=\/wp\/v2\/users\/1"}],"replies":[{"embeddable":true,"href":"https:\/\/primermomento.com\/index.php?rest_route=%2Fwp%2Fv2%2Fcomments&post=349217"}],"version-history":[{"count":1,"href":"https:\/\/primermomento.com\/index.php?rest_route=\/wp\/v2\/posts\/349217\/revisions"}],"predecessor-version":[{"id":349218,"href":"https:\/\/primermomento.com\/index.php?rest_route=\/wp\/v2\/posts\/349217\/revisions\/349218"}],"wp:attachment":[{"href":"https:\/\/primermomento.com\/index.php?rest_route=%2Fwp%2Fv2%2Fmedia&parent=349217"}],"wp:term":[{"taxonomy":"category","embeddable":true,"href":"https:\/\/primermomento.com\/index.php?rest_route=%2Fwp%2Fv2%2Fcategories&post=349217"},{"taxonomy":"post_tag","embeddable":true,"href":"https:\/\/primermomento.com\/index.php?rest_route=%2Fwp%2Fv2%2Ftags&post=349217"}],"curies":[{"name":"wp","href":"https:\/\/api.w.org\/{rel}","templated":true}]}}