{"id":349317,"date":"2021-08-08T20:04:17","date_gmt":"2021-08-09T00:04:17","guid":{"rendered":"http:\/\/primermomento.com\/?p=349317"},"modified":"2021-08-08T20:04:17","modified_gmt":"2021-08-09T00:04:17","slug":"miles-asisten-al-desfile-dominicano-de-manhattan","status":"publish","type":"post","link":"https:\/\/primermomento.com\/?p=349317","title":{"rendered":"Miles asisten al Desfile Dominicano de Manhattan"},"content":{"rendered":"\n<p>NUEVA YORK, EEUU.- Miles de dominicanos residentes en esta ciudad y otras localidades adyacentes se dieron cita este domingo en la Gran Manzana para asistir y celebrar por todo lo alto el Desfile Dominicano de Manhattan (Dominican Day Parade).<\/p>\n\n\n\n<div class=\"wp-block-image\"><figure class=\"aligncenter size-large\"><img loading=\"lazy\" decoding=\"async\" width=\"706\" height=\"391\" src=\"http:\/\/primermomento.com\/wp-content\/uploads\/2021\/08\/Parada-3.jpg\" alt=\"\" class=\"wp-image-349318\" srcset=\"https:\/\/primermomento.com\/wp-content\/uploads\/2021\/08\/Parada-3.jpg 706w, https:\/\/primermomento.com\/wp-content\/uploads\/2021\/08\/Parada-3-300x166.jpg 300w, https:\/\/primermomento.com\/wp-content\/uploads\/2021\/08\/Parada-3-216x120.jpg 216w, https:\/\/primermomento.com\/wp-content\/uploads\/2021\/08\/Parada-3-500x277.jpg 500w, https:\/\/primermomento.com\/wp-content\/uploads\/2021\/08\/Parada-3-280x155.jpg 280w, https:\/\/primermomento.com\/wp-content\/uploads\/2021\/08\/Parada-3-638x353.jpg 638w, https:\/\/primermomento.com\/wp-content\/uploads\/2021\/08\/Parada-3-118x65.jpg 118w, https:\/\/primermomento.com\/wp-content\/uploads\/2021\/08\/Parada-3-479x265.jpg 479w\" sizes=\"auto, (max-width: 706px) 100vw, 706px\" \/><\/figure><\/div>\n\n\n\n<p>El mismo es una organizaci\u00f3n sin fines de lucro 501 (c) (3) no partidista, que organiza el desfile anual, promoviendo la riqueza de la cultura, el folclore, las tradiciones populares de la Rep\u00fablica Dominicana, adem\u00e1s de recaudar fondos en apoyo de estudiantes talentosos en sus esfuerzos educativos.<\/p>\n\n\n\n<p>La presidente del Desfile, Cristina Contreras, expres\u00f3 \u201cque el desaf\u00edo de la \u00e9poca es delicado, nos hemos enfocamos en el lema \u00abHacia Delante y Avanzamos\u00bb, porque hacer avanzar y elevar a nuestra comunidad requiere perseverancia, resistencia, esperanza, adaptaci\u00f3n, crecimiento, coraje y transformaci\u00f3n que conducir\u00e1n a una victoria en todas las situaciones\u201d, dijo.<\/p>\n\n\n\n<p>El evento se inici\u00f3 a eso de las 12:00 del mediod\u00eda, desde la calle 42 hasta la 52 por la avenida Sexta en Manhattan, y concluy\u00f3 a las 3:00. Desfilaron por el mismo diferentes grupos folcl\u00f3ricos, carrozas, y organizaciones comunitarias establecidas en la Metr\u00f3poli.<\/p>\n\n\n\n<p>El Gran Mariscal de este a\u00f1o fue Nelson Javier \u00abEl Cocodrilo\u00bb, locutor, productor y presentador de televisi\u00f3n en dominicana.<\/p>\n\n\n\n<p>El c\u00f3nsul dominicano Eligio J\u00e1quez particip\u00f3 junto a decenas de empleados consulares en una carroza de la sede, el congresista Adriano Espaillat, el concejal Ydanis Rodr\u00edguez, y el jugador de baloncesto Hansel Emmanuel.<\/p>\n\n\n\n<p>Tambi\u00e9n una comisi\u00f3n de la Polic\u00eda de la RD; El Centro C\u00edvico Cultural Dominicano; la banda de m\u00fasica de NYPD interpretaba la pieza musical de Fernandito Villalona \u201cEl Carnaval\u201d. Los merengues del fenecido Johnny Ventura se escuchaban e interpretaban incesantemente por doquier.<\/p>\n\n\n\n<p>La orquesta Oro S\u00f3lido encabez\u00f3 la actividad y parte del elenco de America\u2019s Got Talent, Jessica Javy N\u00fa\u00f1ez.<\/p>\n\n\n\n<p>La tarima principal estuvo instalada entre las calles 46 y 47. El evento se transmiti\u00f3 en vivo y directo a trav\u00e9s de la p\u00e1gina de @Facebook.com\/NatDDP.<\/p>\n\n\n\n<p>La participaci\u00f3n este a\u00f1o fue mucho menor que en anteriores y la distancia recorrida fue de solo 10 cuadras, todo por la pandemia del Covid-19.<\/p>\n\n\n\n<p class=\"has-text-align-right\"><em>Ram\u00f3n Mercedes<\/em><\/p>\n","protected":false},"excerpt":{"rendered":"<p>NUEVA YORK, EEUU.- Miles de dominicanos residentes en esta ciudad y otras localidades adyacentes se dieron cita este domingo en la Gran Manzana para asistir y celebrar por todo lo alto el Desfile Dominicano de Manhattan (Dominican Day Parade). El mismo es una organizaci\u00f3n sin fines de lucro 501 (c) (3) no partidista, que organiza [&hellip;]<\/p>\n","protected":false},"author":1,"featured_media":0,"comment_status":"open","ping_status":"open","sticky":false,"template":"","format":"standard","meta":{"_bbp_topic_count":0,"_bbp_reply_count":0,"_bbp_total_topic_count":0,"_bbp_total_reply_count":0,"_bbp_voice_count":0,"_bbp_anonymous_reply_count":0,"_bbp_topic_count_hidden":0,"_bbp_reply_count_hidden":0,"_bbp_forum_subforum_count":0,"footnotes":""},"categories":[40,60],"tags":[],"class_list":{"0":"post-349317","1":"post","2":"type-post","3":"status-publish","4":"format-standard","6":"category-comunidad","7":"category-titulares-del-dia"},"_links":{"self":[{"href":"https:\/\/primermomento.com\/index.php?rest_route=\/wp\/v2\/posts\/349317","targetHints":{"allow":["GET"]}}],"collection":[{"href":"https:\/\/primermomento.com\/index.php?rest_route=\/wp\/v2\/posts"}],"about":[{"href":"https:\/\/primermomento.com\/index.php?rest_route=\/wp\/v2\/types\/post"}],"author":[{"embeddable":true,"href":"https:\/\/primermomento.com\/index.php?rest_route=\/wp\/v2\/users\/1"}],"replies":[{"embeddable":true,"href":"https:\/\/primermomento.com\/index.php?rest_route=%2Fwp%2Fv2%2Fcomments&post=349317"}],"version-history":[{"count":1,"href":"https:\/\/primermomento.com\/index.php?rest_route=\/wp\/v2\/posts\/349317\/revisions"}],"predecessor-version":[{"id":349319,"href":"https:\/\/primermomento.com\/index.php?rest_route=\/wp\/v2\/posts\/349317\/revisions\/349319"}],"wp:attachment":[{"href":"https:\/\/primermomento.com\/index.php?rest_route=%2Fwp%2Fv2%2Fmedia&parent=349317"}],"wp:term":[{"taxonomy":"category","embeddable":true,"href":"https:\/\/primermomento.com\/index.php?rest_route=%2Fwp%2Fv2%2Fcategories&post=349317"},{"taxonomy":"post_tag","embeddable":true,"href":"https:\/\/primermomento.com\/index.php?rest_route=%2Fwp%2Fv2%2Ftags&post=349317"}],"curies":[{"name":"wp","href":"https:\/\/api.w.org\/{rel}","templated":true}]}}