{"id":349431,"date":"2021-08-10T14:35:04","date_gmt":"2021-08-10T18:35:04","guid":{"rendered":"http:\/\/primermomento.com\/?p=349431"},"modified":"2021-08-10T14:35:12","modified_gmt":"2021-08-10T18:35:12","slug":"consul-reconoce-a-hombre-que-salvo-la-vida-a-usuario-del-tren","status":"publish","type":"post","link":"https:\/\/primermomento.com\/?p=349431","title":{"rendered":"C\u00f3nsul reconoce a hombre que salv\u00f3 la vida a usuario del tren"},"content":{"rendered":"\n<p>NUEVA YORK, EEUUA.- El c\u00f3nsul dominicano en esta ciudad, Eligio J\u00e1quez, reconoci\u00f3 este lunes a su connacional Joaqu\u00edn Est\u00e9vez que el pasado mi\u00e9rcoles rescat\u00f3 a un hombre que cayera junto a su silla de ruedas a la l\u00ednea del tren 6, en la estaci\u00f3n de Uni\u00f3n Square, en la calle 14 de Manhattan.<\/p>\n\n\n\n<div class=\"wp-block-image\"><figure class=\"alignleft size-large\"><img loading=\"lazy\" decoding=\"async\" width=\"447\" height=\"327\" src=\"http:\/\/primermomento.com\/wp-content\/uploads\/2021\/08\/consul-reconoce.jpg\" alt=\"\" class=\"wp-image-349432\" srcset=\"https:\/\/primermomento.com\/wp-content\/uploads\/2021\/08\/consul-reconoce.jpg 447w, https:\/\/primermomento.com\/wp-content\/uploads\/2021\/08\/consul-reconoce-300x219.jpg 300w, https:\/\/primermomento.com\/wp-content\/uploads\/2021\/08\/consul-reconoce-280x205.jpg 280w, https:\/\/primermomento.com\/wp-content\/uploads\/2021\/08\/consul-reconoce-118x86.jpg 118w\" sizes=\"auto, (max-width: 447px) 100vw, 447px\" \/><\/figure><\/div>\n\n\n\n<p>Toda la acci\u00f3n humanitaria, arriesgada y decidida del dominicano qued\u00f3 grabada en video.<\/p>\n\n\n\n<p>Cuando el discapacitado cay\u00f3 a los rieles, el quisqueyano no lo pens\u00f3 dos veces y se tir\u00f3 en su rescate, la v\u00edctima estaba inm\u00f3vil y lo primero que Est\u00e9vez hizo fue subir la silla de ruedas al and\u00e9n, luego ayudarlo a parar y subirlo a la plataforma con la ayuda de varios parroquianos.<\/p>\n\n\n\n<p>Esos mismos parroquianos tuvieron que ayudar r\u00e1pidamente al dominicano a subir al entarimado. Un minuto m\u00e1s tarde llegaba el tren, de m\u00e1s de 25 mil toneladas de pesos, al lugar del incidente.<\/p>\n\n\n\n<p>Al reconocer a Est\u00e9vez, el C\u00f3nsul destac\u00f3 su heroico y desprendido accionar, destacando su solidaridad y actitud que lo convierte en un h\u00e9roe al arriesgar su vida para salvar de la muerte a un ciudadano a quien no conoc\u00eda.<\/p>\n\n\n\n<p>\u201cNo nos pod\u00edamos quedar indiferente ni en silencio, por lo que decidimos reconocer la acci\u00f3n de este buen dominicano\u201d, y a partir de ahora seguiremos reconociendo cada mes a otros dominicanos que efect\u00faen acciones ejemplares.<\/p>\n\n\n\n<p>Por su parte, el buen samaritano agradeci\u00f3 el reconocimiento expresando \u201cque, al momento de actuar para salvar al hombre, no lo hizo pensando que lo reconocer\u00edan por su acci\u00f3n\u201d.<\/p>\n\n\n\n<p>A\u00f1adi\u00f3 que se encontraba en dicha estaci\u00f3n y escuch\u00f3 gritos de ayuda, cuando me acerqu\u00e9 y observ\u00e9 que hab\u00eda un se\u00f1or en los rieles en silla de ruedas y nadie lo ayudaba, por lo que decid\u00ed saltar y rescatarlo\u201d.<\/p>\n\n\n\n<p>Est\u00e9vez dijo que, hasta el momento ni la polic\u00eda, ni los familiares del desconocido que salv\u00f3, se han puesto en contacto con \u00e9l. Hasta el momento solamente el Consulado, a trav\u00e9s de Erasmo Chalas y Ramona Almonte (Mon\u00edn), directores de los departamentos de prensa y de comunidad, lo contactaron para la sede consular reconocerlo por su acci\u00f3n.<\/p>\n\n\n\n<p>El gesto consular ha sido avalado positivamente por ciudadanos en el Alto Manhattan al considerar que se le rinde honor a quien honor merece.<\/p>\n\n\n\n<p class=\"has-text-align-right\"><em>Ram\u00f3n Mercedes<\/em><\/p>\n","protected":false},"excerpt":{"rendered":"<p>NUEVA YORK, EEUUA.- El c\u00f3nsul dominicano en esta ciudad, Eligio J\u00e1quez, reconoci\u00f3 este lunes a su connacional Joaqu\u00edn Est\u00e9vez que el pasado mi\u00e9rcoles rescat\u00f3 a un hombre que cayera junto a su silla de ruedas a la l\u00ednea del tren 6, en la estaci\u00f3n de Uni\u00f3n Square, en la calle 14 de Manhattan. Toda la [&hellip;]<\/p>\n","protected":false},"author":1,"featured_media":0,"comment_status":"open","ping_status":"open","sticky":false,"template":"","format":"standard","meta":{"_bbp_topic_count":0,"_bbp_reply_count":0,"_bbp_total_topic_count":0,"_bbp_total_reply_count":0,"_bbp_voice_count":0,"_bbp_anonymous_reply_count":0,"_bbp_topic_count_hidden":0,"_bbp_reply_count_hidden":0,"_bbp_forum_subforum_count":0,"footnotes":""},"categories":[40,60],"tags":[],"class_list":{"0":"post-349431","1":"post","2":"type-post","3":"status-publish","4":"format-standard","6":"category-comunidad","7":"category-titulares-del-dia"},"_links":{"self":[{"href":"https:\/\/primermomento.com\/index.php?rest_route=\/wp\/v2\/posts\/349431","targetHints":{"allow":["GET"]}}],"collection":[{"href":"https:\/\/primermomento.com\/index.php?rest_route=\/wp\/v2\/posts"}],"about":[{"href":"https:\/\/primermomento.com\/index.php?rest_route=\/wp\/v2\/types\/post"}],"author":[{"embeddable":true,"href":"https:\/\/primermomento.com\/index.php?rest_route=\/wp\/v2\/users\/1"}],"replies":[{"embeddable":true,"href":"https:\/\/primermomento.com\/index.php?rest_route=%2Fwp%2Fv2%2Fcomments&post=349431"}],"version-history":[{"count":1,"href":"https:\/\/primermomento.com\/index.php?rest_route=\/wp\/v2\/posts\/349431\/revisions"}],"predecessor-version":[{"id":349433,"href":"https:\/\/primermomento.com\/index.php?rest_route=\/wp\/v2\/posts\/349431\/revisions\/349433"}],"wp:attachment":[{"href":"https:\/\/primermomento.com\/index.php?rest_route=%2Fwp%2Fv2%2Fmedia&parent=349431"}],"wp:term":[{"taxonomy":"category","embeddable":true,"href":"https:\/\/primermomento.com\/index.php?rest_route=%2Fwp%2Fv2%2Fcategories&post=349431"},{"taxonomy":"post_tag","embeddable":true,"href":"https:\/\/primermomento.com\/index.php?rest_route=%2Fwp%2Fv2%2Ftags&post=349431"}],"curies":[{"name":"wp","href":"https:\/\/api.w.org\/{rel}","templated":true}]}}