{"id":349468,"date":"2021-08-10T14:44:00","date_gmt":"2021-08-10T18:44:00","guid":{"rendered":"http:\/\/primermomento.com\/?p=349468"},"modified":"2021-08-10T17:47:08","modified_gmt":"2021-08-10T21:47:08","slug":"senado-de-eeuu-aprueba-proyecto-de-infraestructuras-de-biden","status":"publish","type":"post","link":"https:\/\/primermomento.com\/?p=349468","title":{"rendered":"Senado de EEUU aprueba proyecto de infraestructuras de Biden"},"content":{"rendered":"\n<p class=\"wp-block-paragraph\">WASHINGTON, EEUU.- El Senado estadounidense aprob\u00f3 hoy un proyecto de ley bipartidista de infraestructuras valorado en un bill\u00f3n de d\u00f3lares, tras meses de negociaciones entre el presidente Joe Biden y legisladores dem\u00f3cratas y republicanos.<\/p>\n\n\n\n<figure class=\"wp-block-image size-large\"><img loading=\"lazy\" decoding=\"async\" width=\"748\" height=\"498\" src=\"http:\/\/primermomento.com\/wp-content\/uploads\/2021\/08\/EEUU-Senado.jpg\" alt=\"\" class=\"wp-image-349469\" srcset=\"https:\/\/primermomento.com\/wp-content\/uploads\/2021\/08\/EEUU-Senado.jpg 748w, https:\/\/primermomento.com\/wp-content\/uploads\/2021\/08\/EEUU-Senado-300x200.jpg 300w, https:\/\/primermomento.com\/wp-content\/uploads\/2021\/08\/EEUU-Senado-73x50.jpg 73w, https:\/\/primermomento.com\/wp-content\/uploads\/2021\/08\/EEUU-Senado-500x333.jpg 500w, https:\/\/primermomento.com\/wp-content\/uploads\/2021\/08\/EEUU-Senado-280x186.jpg 280w, https:\/\/primermomento.com\/wp-content\/uploads\/2021\/08\/EEUU-Senado-60x40.jpg 60w, https:\/\/primermomento.com\/wp-content\/uploads\/2021\/08\/EEUU-Senado-638x425.jpg 638w, https:\/\/primermomento.com\/wp-content\/uploads\/2021\/08\/EEUU-Senado-118x79.jpg 118w, https:\/\/primermomento.com\/wp-content\/uploads\/2021\/08\/EEUU-Senado-479x319.jpg 479w\" sizes=\"auto, (max-width: 748px) 100vw, 748px\" \/><\/figure>\n\n\n\n<p class=\"wp-block-paragraph\">La iniciativa, que recibi\u00f3 69 votos a favor y 30 en contra, es considerada una victoria pol\u00edtica para el mandatario, aunque la propuesta es sustancialmente menor que el plan inicialmente esbozado por el gobernante a principios de este a\u00f1o.<\/p>\n\n\n\n<p class=\"wp-block-paragraph\">En declaraciones este martes desde la Casa Blanca, Biden celebr\u00f3 la decisi\u00f3n, la calific\u00f3 como la m\u00e1s importante en el sector del transporte en la historia de Estados Unidos y destac\u00f3 la posibilidad de generar empleos.<\/p>\n\n\n\n<p class=\"wp-block-paragraph\">Para subrayar la importancia que otorga la actual administraci\u00f3n a esa medida, la vicepresidenta Kamala Harris presidi\u00f3 la sesi\u00f3n de hoy en el Senado, pese a no ser necesario su voto para desempatar.<\/p>\n\n\n\n<p class=\"wp-block-paragraph\">El proyecto prioriza fondos para el mejoramiento de carreteras, puentes, ferrocarriles, red el\u00e9ctrica y banda ancha para el acceso a Internet, entre otros que suman unos 550 mil millones de d\u00f3lares en nuevos gastos.<\/p>\n\n\n\n<p class=\"wp-block-paragraph\">Uno de los puntos pol\u00e9micos del texto legislativo es que las inversiones para enfrentar el cambio clim\u00e1tico resultan insuficientes, aunque dedica siete mil 500 millones de d\u00f3lares con vistas a crear una red de estaciones de recarga de veh\u00edculos el\u00e9ctricos.<\/p>\n\n\n\n<p class=\"wp-block-paragraph\">Seg\u00fan un an\u00e1lisis de la Oficina de Presupuesto del Congreso, la disposici\u00f3n sumar\u00eda 256 mil millones de d\u00f3lares al d\u00e9ficit del pa\u00eds en la pr\u00f3xima d\u00e9cada, pero legisladores favorables a la normativa argumentaron que las p\u00e9rdidas se compensan mediante una combinaci\u00f3n de nuevos ingresos y ahorros.<\/p>\n\n\n\n<p class=\"wp-block-paragraph\">Antes de entrar en vigor, el plan deber\u00e1 obtener el visto bueno de la C\u00e1mara de Representantes, donde la presidenta Nancy Pelosi descart\u00f3 analizarlo hasta tanto la C\u00e1mara Alta apruebe otro paquete de 3,5 billones de d\u00f3lares para inversiones sociales, rese\u00f1\u00f3 el diario The Hill.<\/p>\n\n\n\n<p class=\"has-text-align-right wp-block-paragraph\"><em>PL<\/em><\/p>\n","protected":false},"excerpt":{"rendered":"<p>WASHINGTON, EEUU.- El Senado estadounidense aprob\u00f3 hoy un proyecto de ley bipartidista de infraestructuras valorado en un bill\u00f3n de d\u00f3lares, tras meses de negociaciones entre el presidente Joe Biden y legisladores dem\u00f3cratas y republicanos. La iniciativa, que recibi\u00f3 69 votos a favor y 30 en contra, es considerada una victoria pol\u00edtica para el mandatario, aunque [&hellip;]<\/p>\n","protected":false},"author":1,"featured_media":0,"comment_status":"open","ping_status":"open","sticky":false,"template":"","format":"standard","meta":{"_bbp_topic_count":0,"_bbp_reply_count":0,"_bbp_total_topic_count":0,"_bbp_total_reply_count":0,"_bbp_voice_count":0,"_bbp_anonymous_reply_count":0,"_bbp_topic_count_hidden":0,"_bbp_reply_count_hidden":0,"_bbp_forum_subforum_count":0,"footnotes":""},"categories":[35,60],"tags":[],"class_list":["post-349468","post","type-post","status-publish","format-standard","category-economia","category-titulares-del-dia"],"_links":{"self":[{"href":"https:\/\/primermomento.com\/index.php?rest_route=\/wp\/v2\/posts\/349468","targetHints":{"allow":["GET"]}}],"collection":[{"href":"https:\/\/primermomento.com\/index.php?rest_route=\/wp\/v2\/posts"}],"about":[{"href":"https:\/\/primermomento.com\/index.php?rest_route=\/wp\/v2\/types\/post"}],"author":[{"embeddable":true,"href":"https:\/\/primermomento.com\/index.php?rest_route=\/wp\/v2\/users\/1"}],"replies":[{"embeddable":true,"href":"https:\/\/primermomento.com\/index.php?rest_route=%2Fwp%2Fv2%2Fcomments&post=349468"}],"version-history":[{"count":1,"href":"https:\/\/primermomento.com\/index.php?rest_route=\/wp\/v2\/posts\/349468\/revisions"}],"predecessor-version":[{"id":349470,"href":"https:\/\/primermomento.com\/index.php?rest_route=\/wp\/v2\/posts\/349468\/revisions\/349470"}],"wp:attachment":[{"href":"https:\/\/primermomento.com\/index.php?rest_route=%2Fwp%2Fv2%2Fmedia&parent=349468"}],"wp:term":[{"taxonomy":"category","embeddable":true,"href":"https:\/\/primermomento.com\/index.php?rest_route=%2Fwp%2Fv2%2Fcategories&post=349468"},{"taxonomy":"post_tag","embeddable":true,"href":"https:\/\/primermomento.com\/index.php?rest_route=%2Fwp%2Fv2%2Ftags&post=349468"}],"curies":[{"name":"wp","href":"https:\/\/api.w.org\/{rel}","templated":true}]}}