{"id":349483,"date":"2021-08-11T07:00:00","date_gmt":"2021-08-11T11:00:00","guid":{"rendered":"http:\/\/primermomento.com\/?p=349483"},"modified":"2021-08-11T12:12:23","modified_gmt":"2021-08-11T16:12:23","slug":"galardonado-periodista-dominicano-seleccionado-para-programa-creadores","status":"publish","type":"post","link":"https:\/\/primermomento.com\/?p=349483","title":{"rendered":"Galardonado periodista dominicano seleccionado para programa creadores"},"content":{"rendered":"\n<p>NUEVA YORK, EEUU.- El galardonado periodista dominicano en esta ciudad, Enny Pichardo, fue seleccionado y escogido por el \u201cPrograma de Creadores para Periodistas Independientes\u201d (Creator Program for Independen Journalists).<\/p>\n\n\n\n<div class=\"wp-block-image\"><figure class=\"aligncenter size-large\"><img loading=\"lazy\" decoding=\"async\" width=\"544\" height=\"405\" src=\"http:\/\/primermomento.com\/wp-content\/uploads\/2021\/08\/Galardonado-periodista-dominicano-seleccionado-para-programa-creadores.jpg\" alt=\"\" class=\"wp-image-349484\" srcset=\"https:\/\/primermomento.com\/wp-content\/uploads\/2021\/08\/Galardonado-periodista-dominicano-seleccionado-para-programa-creadores.jpg 544w, https:\/\/primermomento.com\/wp-content\/uploads\/2021\/08\/Galardonado-periodista-dominicano-seleccionado-para-programa-creadores-300x223.jpg 300w, https:\/\/primermomento.com\/wp-content\/uploads\/2021\/08\/Galardonado-periodista-dominicano-seleccionado-para-programa-creadores-120x90.jpg 120w, https:\/\/primermomento.com\/wp-content\/uploads\/2021\/08\/Galardonado-periodista-dominicano-seleccionado-para-programa-creadores-500x372.jpg 500w, https:\/\/primermomento.com\/wp-content\/uploads\/2021\/08\/Galardonado-periodista-dominicano-seleccionado-para-programa-creadores-280x208.jpg 280w, https:\/\/primermomento.com\/wp-content\/uploads\/2021\/08\/Galardonado-periodista-dominicano-seleccionado-para-programa-creadores-118x88.jpg 118w, https:\/\/primermomento.com\/wp-content\/uploads\/2021\/08\/Galardonado-periodista-dominicano-seleccionado-para-programa-creadores-479x357.jpg 479w\" sizes=\"auto, (max-width: 544px) 100vw, 544px\" \/><\/figure><\/div>\n\n\n\n<p>Dicho programa es con el objetivo de poder establecerse como un referente en el contenido de noticias en video que sean veraces y confiables, que busca fortalecer la labor de periodistas digitales independientes y ayudar en la innovaci\u00f3n de la profesi\u00f3n.<\/p>\n\n\n\n<p>Pichardo, un ex reportero de Telemundo y Univisi\u00f3n, actualmente es productor, presentador y editor del breve informativo #EnNYConM\u00e1s, el cual transmite por la plataforma de YouTube, mantiene al tanto de temas importantes a la comunidad latina en Estados Unidos, Am\u00e9rica Latina y el mundo entero.<\/p>\n\n\n\n<p>Al ser escogido expres\u00f3 \u00abes un gran honor ser parte del programa de YouTube\/Google, dando voz a los que no la tienen, evitando los estereotipos, proporcionando informaci\u00f3n actualizada, correcta, con precisi\u00f3n y transparencia, algo importante para la plataforma\u00bb, explic\u00f3.<\/p>\n\n\n\n<p>\u201cCreo firmemente en la importancia de tener en cuenta los est\u00e1ndares y la \u00e9tica, actuar de forma independiente, asumir la responsabilidad de la precisi\u00f3n del trabajo, y verificar la informaci\u00f3n antes de publicarla\u201d, precis\u00f3.<\/p>\n\n\n\n<p>A\u00f1adi\u00f3, \u201csiempre trato de utilizar fuentes originales y confiables, e informar sobre temas importantes relacionados con la comunidad hispana, pero tomando en consideraci\u00f3n la diversidad y la igualdad\u00bb, dijo Pichardo.&nbsp;<\/p>\n\n\n\n<p>Unos 50 periodistas que representan a 25 pa\u00edses, hablan casi 20 idiomas e informan sobre una amplia gama de temas, hasta historias no contadas sobre comunidades marginadas, tendr\u00e1n una subvenci\u00f3n de hasta 50 mil d\u00f3lares.<\/p>\n\n\n\n<p>Se inform\u00f3, que la participaci\u00f3n en el programa tendr\u00e1 un a\u00f1o de duraci\u00f3n y buscar\u00e1 apoyar a los periodistas independientes para que experimenten con la generaci\u00f3n de video digital y la consolidaci\u00f3n de audiencia en la plataforma de videos.<\/p>\n\n\n\n<p>Ejecutivos de YouTube indican que est\u00e1n comprometidos a apoyar el futuro del periodismo, y eso significa continuar creando oportunidades para que la industria aproveche las \u00faltimas tecnolog\u00edas y t\u00e9cnicas para el crecimiento en YouTube\u201d.<\/p>\n\n\n\n<p>\u201cQueremos conectar nuestra comunidad con contenido autorizado y confiable y creemos que tenemos la responsabilidad de apoyar la innovaci\u00f3n y un ecosistema sostenible\u201d, indican.<\/p>\n\n\n\n<p class=\"has-text-align-right\"><em>Ram\u00f3n Mercedes<\/em><\/p>\n","protected":false},"excerpt":{"rendered":"<p>NUEVA YORK, EEUU.- El galardonado periodista dominicano en esta ciudad, Enny Pichardo, fue seleccionado y escogido por el \u201cPrograma de Creadores para Periodistas Independientes\u201d (Creator Program for Independen Journalists). Dicho programa es con el objetivo de poder establecerse como un referente en el contenido de noticias en video que sean veraces y confiables, que busca [&hellip;]<\/p>\n","protected":false},"author":1,"featured_media":0,"comment_status":"open","ping_status":"open","sticky":false,"template":"","format":"standard","meta":{"_bbp_topic_count":0,"_bbp_reply_count":0,"_bbp_total_topic_count":0,"_bbp_total_reply_count":0,"_bbp_voice_count":0,"_bbp_anonymous_reply_count":0,"_bbp_topic_count_hidden":0,"_bbp_reply_count_hidden":0,"_bbp_forum_subforum_count":0,"footnotes":""},"categories":[40,60],"tags":[],"class_list":{"0":"post-349483","1":"post","2":"type-post","3":"status-publish","4":"format-standard","6":"category-comunidad","7":"category-titulares-del-dia"},"_links":{"self":[{"href":"https:\/\/primermomento.com\/index.php?rest_route=\/wp\/v2\/posts\/349483","targetHints":{"allow":["GET"]}}],"collection":[{"href":"https:\/\/primermomento.com\/index.php?rest_route=\/wp\/v2\/posts"}],"about":[{"href":"https:\/\/primermomento.com\/index.php?rest_route=\/wp\/v2\/types\/post"}],"author":[{"embeddable":true,"href":"https:\/\/primermomento.com\/index.php?rest_route=\/wp\/v2\/users\/1"}],"replies":[{"embeddable":true,"href":"https:\/\/primermomento.com\/index.php?rest_route=%2Fwp%2Fv2%2Fcomments&post=349483"}],"version-history":[{"count":1,"href":"https:\/\/primermomento.com\/index.php?rest_route=\/wp\/v2\/posts\/349483\/revisions"}],"predecessor-version":[{"id":349485,"href":"https:\/\/primermomento.com\/index.php?rest_route=\/wp\/v2\/posts\/349483\/revisions\/349485"}],"wp:attachment":[{"href":"https:\/\/primermomento.com\/index.php?rest_route=%2Fwp%2Fv2%2Fmedia&parent=349483"}],"wp:term":[{"taxonomy":"category","embeddable":true,"href":"https:\/\/primermomento.com\/index.php?rest_route=%2Fwp%2Fv2%2Fcategories&post=349483"},{"taxonomy":"post_tag","embeddable":true,"href":"https:\/\/primermomento.com\/index.php?rest_route=%2Fwp%2Fv2%2Ftags&post=349483"}],"curies":[{"name":"wp","href":"https:\/\/api.w.org\/{rel}","templated":true}]}}