{"id":349544,"date":"2021-08-12T11:55:38","date_gmt":"2021-08-12T15:55:38","guid":{"rendered":"http:\/\/primermomento.com\/?p=349544"},"modified":"2021-08-12T11:55:38","modified_gmt":"2021-08-12T15:55:38","slug":"feria-del-libro-sera-en-escuela-george-washington-en-alto-manhattan","status":"publish","type":"post","link":"https:\/\/primermomento.com\/?p=349544","title":{"rendered":"Feria del Libro ser\u00e1 en escuela George Washington en Alto Manhattan"},"content":{"rendered":"\n<p>NUEVA YORK, EEUU.- La \u201cFeria Cultural y del Libro\u201d dominicana ser\u00e1 celebrada en esta ciudad los d\u00edas 15, 16 y 17 de octubre pr\u00f3ximo en la escuela secundaria George Washington, ubicada en la avenida Audubon con la calle 193, en el Alto Manhattan.<\/p>\n\n\n\n<div class=\"wp-block-image\"><figure class=\"aligncenter size-large\"><img loading=\"lazy\" decoding=\"async\" width=\"636\" height=\"346\" src=\"http:\/\/primermomento.com\/wp-content\/uploads\/2021\/08\/Feria-del-Libro1.jpg\" alt=\"\" class=\"wp-image-349545\" srcset=\"https:\/\/primermomento.com\/wp-content\/uploads\/2021\/08\/Feria-del-Libro1.jpg 636w, https:\/\/primermomento.com\/wp-content\/uploads\/2021\/08\/Feria-del-Libro1-300x163.jpg 300w, https:\/\/primermomento.com\/wp-content\/uploads\/2021\/08\/Feria-del-Libro1-500x272.jpg 500w, https:\/\/primermomento.com\/wp-content\/uploads\/2021\/08\/Feria-del-Libro1-280x152.jpg 280w, https:\/\/primermomento.com\/wp-content\/uploads\/2021\/08\/Feria-del-Libro1-118x64.jpg 118w, https:\/\/primermomento.com\/wp-content\/uploads\/2021\/08\/Feria-del-Libro1-479x261.jpg 479w\" sizes=\"auto, (max-width: 636px) 100vw, 636px\" \/><\/figure><\/div>\n\n\n\n<p>As\u00ed lo informaron la Comisionada de Cultura y el director ejecutivo de la Feria, Lourdes Batista y Javier Fuentes, durante una rueda de prensa efectuada este mi\u00e9rcoles en la sede del organismo gubernamental.<\/p>\n\n\n\n<p>Hemos venido trabajando durante varios meses en la conformaci\u00f3n de los distintos equipos y grupos de trabajo, entre ellos de salud, seguridad, primeros auxilios, en los pabellones de moda, gastronom\u00eda, artes pl\u00e1sticas, literatura, teatro, cine, artesan\u00eda, y belleza entre otros, manifestaron Batista y Fuentes.<\/p>\n\n\n\n<p>Expresaron que han tenido el respaldo del congresista Adriano Espaillat, el concejal Ydanis Rodr\u00edguez, el doctor Rafael Lantigua, el superintendente del distrito escolar No. 6, Manny Ram\u00edrez, y del principal de la escuela, Juan Villar.<\/p>\n\n\n\n<p>Anunciaron que la \u201cCena de Gala\u201d se llevar\u00e1 a cabo en los exclusivos salones de Beverly Hills Manor, en la avenida Jerome con la calle 174 en El Bronx, el d\u00eda 14 de octubre a partir de las 7:00 de la noche.<\/p>\n\n\n\n<p class=\"has-text-align-right\"><em>Ram\u00f3n Mercedes<\/em><\/p>\n","protected":false},"excerpt":{"rendered":"<p>NUEVA YORK, EEUU.- La \u201cFeria Cultural y del Libro\u201d dominicana ser\u00e1 celebrada en esta ciudad los d\u00edas 15, 16 y 17 de octubre pr\u00f3ximo en la escuela secundaria George Washington, ubicada en la avenida Audubon con la calle 193, en el Alto Manhattan. As\u00ed lo informaron la Comisionada de Cultura y el director ejecutivo de [&hellip;]<\/p>\n","protected":false},"author":1,"featured_media":0,"comment_status":"open","ping_status":"open","sticky":false,"template":"","format":"standard","meta":{"_bbp_topic_count":0,"_bbp_reply_count":0,"_bbp_total_topic_count":0,"_bbp_total_reply_count":0,"_bbp_voice_count":0,"_bbp_anonymous_reply_count":0,"_bbp_topic_count_hidden":0,"_bbp_reply_count_hidden":0,"_bbp_forum_subforum_count":0,"footnotes":""},"categories":[40,60],"tags":[],"class_list":{"0":"post-349544","1":"post","2":"type-post","3":"status-publish","4":"format-standard","6":"category-comunidad","7":"category-titulares-del-dia"},"_links":{"self":[{"href":"https:\/\/primermomento.com\/index.php?rest_route=\/wp\/v2\/posts\/349544","targetHints":{"allow":["GET"]}}],"collection":[{"href":"https:\/\/primermomento.com\/index.php?rest_route=\/wp\/v2\/posts"}],"about":[{"href":"https:\/\/primermomento.com\/index.php?rest_route=\/wp\/v2\/types\/post"}],"author":[{"embeddable":true,"href":"https:\/\/primermomento.com\/index.php?rest_route=\/wp\/v2\/users\/1"}],"replies":[{"embeddable":true,"href":"https:\/\/primermomento.com\/index.php?rest_route=%2Fwp%2Fv2%2Fcomments&post=349544"}],"version-history":[{"count":1,"href":"https:\/\/primermomento.com\/index.php?rest_route=\/wp\/v2\/posts\/349544\/revisions"}],"predecessor-version":[{"id":349546,"href":"https:\/\/primermomento.com\/index.php?rest_route=\/wp\/v2\/posts\/349544\/revisions\/349546"}],"wp:attachment":[{"href":"https:\/\/primermomento.com\/index.php?rest_route=%2Fwp%2Fv2%2Fmedia&parent=349544"}],"wp:term":[{"taxonomy":"category","embeddable":true,"href":"https:\/\/primermomento.com\/index.php?rest_route=%2Fwp%2Fv2%2Fcategories&post=349544"},{"taxonomy":"post_tag","embeddable":true,"href":"https:\/\/primermomento.com\/index.php?rest_route=%2Fwp%2Fv2%2Ftags&post=349544"}],"curies":[{"name":"wp","href":"https:\/\/api.w.org\/{rel}","templated":true}]}}