{"id":349613,"date":"2021-08-13T06:34:21","date_gmt":"2021-08-13T10:34:21","guid":{"rendered":"http:\/\/primermomento.com\/?p=349613"},"modified":"2021-08-13T06:34:22","modified_gmt":"2021-08-13T10:34:22","slug":"congreso-y-concejo-municipal-reconoce-a-periodista-dominicano","status":"publish","type":"post","link":"https:\/\/primermomento.com\/?p=349613","title":{"rendered":"Congreso y Concejo Municipal reconoce a periodista dominicano"},"content":{"rendered":"\n<p>NUEVA YORK, EEUU.- El Congreso de los Estados Unidos a trav\u00e9s del congresista por NY Adriano Espaillat, al igual que el Concejo Municipal en la persona del concejal Ydanis Rodr\u00edguez, reconocieron en esta ciudad al periodista dominicano Vargavila River\u00f3n, durante su reciente periplo por territorio estadounidense.<\/p>\n\n\n\n<div class=\"wp-block-image\"><figure class=\"aligncenter size-large\"><img loading=\"lazy\" decoding=\"async\" width=\"572\" height=\"308\" src=\"http:\/\/primermomento.com\/wp-content\/uploads\/2021\/08\/Congreso-EE.-UU.-y-Ciudad-NY-reconocen-periodista-Vargavila-Riveron_-dicto-conferencia-Alto-Manhattan.jpg\" alt=\"\" class=\"wp-image-349614\" srcset=\"https:\/\/primermomento.com\/wp-content\/uploads\/2021\/08\/Congreso-EE.-UU.-y-Ciudad-NY-reconocen-periodista-Vargavila-Riveron_-dicto-conferencia-Alto-Manhattan.jpg 572w, https:\/\/primermomento.com\/wp-content\/uploads\/2021\/08\/Congreso-EE.-UU.-y-Ciudad-NY-reconocen-periodista-Vargavila-Riveron_-dicto-conferencia-Alto-Manhattan-300x162.jpg 300w, https:\/\/primermomento.com\/wp-content\/uploads\/2021\/08\/Congreso-EE.-UU.-y-Ciudad-NY-reconocen-periodista-Vargavila-Riveron_-dicto-conferencia-Alto-Manhattan-500x269.jpg 500w, https:\/\/primermomento.com\/wp-content\/uploads\/2021\/08\/Congreso-EE.-UU.-y-Ciudad-NY-reconocen-periodista-Vargavila-Riveron_-dicto-conferencia-Alto-Manhattan-280x151.jpg 280w, https:\/\/primermomento.com\/wp-content\/uploads\/2021\/08\/Congreso-EE.-UU.-y-Ciudad-NY-reconocen-periodista-Vargavila-Riveron_-dicto-conferencia-Alto-Manhattan-118x64.jpg 118w, https:\/\/primermomento.com\/wp-content\/uploads\/2021\/08\/Congreso-EE.-UU.-y-Ciudad-NY-reconocen-periodista-Vargavila-Riveron_-dicto-conferencia-Alto-Manhattan-479x258.jpg 479w\" sizes=\"auto, (max-width: 572px) 100vw, 572px\" \/><\/figure><\/div>\n\n\n\n<p>Espaillat al hacerle entrega de dicho reconocimiento, expres\u00f3 \u00abpor sus extraordinarios aportes a la comunicaci\u00f3n y al pueblo dominicano, a nombre de la C\u00e1mara de Representantes y en calidad de congresista, nos honra hacerle entrega de esta proclama a Vargavila River\u00f3n Belliard.<\/p>\n\n\n\n<p>El concejal Rodr\u00edguez, por el Alto Manhattan, al entreg\u00e1rselo especific\u00f3 \u201cal periodista y presentador de TV, Vargavila River\u00f3n, por su trayectoria period\u00edstica, su compromiso con las nobles causas y su labor en favor de las acciones de la comunidad dominicana en el exterior.<\/p>\n\n\n\n<p>River\u00f3n, al dar las gracias a ambos, en actos separados, se\u00f1al\u00f3 \u201csiento gran alegr\u00eda y satisfacci\u00f3n al ser reconocido por el primer congresista de origen dominicano en el Congreso de los Estados Unidos. \u00abRecibo con humildad este reconocimiento, y lo dedico a nuestra amada RD, en especial a mi pueblo Dajab\u00f3n, porque somos orgullosamente quisqueyanos\u00bb, declar\u00f3.<\/p>\n\n\n\n<p>Al concejal Rodr\u00edguez, el comunicador manifest\u00f3 \u201chay que destacar el ejemplo de trabajo y progreso que simboliza el concejal, quien es un defensor y digno representante de la comunidad latina en EUA, principalmente de los dominicanos, y por valorar nuestro trabajo y compromiso con las m\u00e1s nobles causas del pa\u00eds y la comunidad dominicana en el exterior\u201d, sentenci\u00f3.<\/p>\n\n\n\n<p>River\u00f3n agost\u00f3 un apretado periplo que lo llevo por varios estados donde se concentra gran cantidad de dominicanos, entre ellos Massachusetts, Pensilvania y Nueva Jersey, donde dict\u00f3 la conferencia \u00abEl impacto de la situaci\u00f3n de Hait\u00ed en RD: Rol y aportes de la di\u00e1spora\u201d.<\/p>\n\n\n\n<p>La misma tambi\u00e9n la ofreci\u00f3, ante decenas de quisqueyanos, en el 809 Restaurant and Lounge \u00abLa Casa del Dominicano\u00bb, ubicado en la calle Dyckman, en el Alto Manhattan.<\/p>\n\n\n\n<p>El director de prensa de la plataforma digital \u00abD\u00edmelo TV Media Group\u00bb, conductor de \u00abD\u00edmelo Noticias\u00bb, miembro del elenco del programa \u00abUna Nueva Ma\u00f1ana\u00bb y catedr\u00e1tico del Instituto Dominicano de Periodismo, Dr. Salvador Pittaluga Nivar (IDP), fue invitado de honor en la \u201cGran Parada Dominicana de El Bronx\u201d y en el festival gastron\u00f3mico \u201cDominican Taste Festival\u201d.<\/p>\n\n\n\n<p class=\"has-text-align-right\"><em>Ram\u00f3n Mercedes<\/em><\/p>\n","protected":false},"excerpt":{"rendered":"<p>NUEVA YORK, EEUU.- El Congreso de los Estados Unidos a trav\u00e9s del congresista por NY Adriano Espaillat, al igual que el Concejo Municipal en la persona del concejal Ydanis Rodr\u00edguez, reconocieron en esta ciudad al periodista dominicano Vargavila River\u00f3n, durante su reciente periplo por territorio estadounidense. Espaillat al hacerle entrega de dicho reconocimiento, expres\u00f3 \u00abpor [&hellip;]<\/p>\n","protected":false},"author":1,"featured_media":0,"comment_status":"open","ping_status":"open","sticky":false,"template":"","format":"standard","meta":{"_bbp_topic_count":0,"_bbp_reply_count":0,"_bbp_total_topic_count":0,"_bbp_total_reply_count":0,"_bbp_voice_count":0,"_bbp_anonymous_reply_count":0,"_bbp_topic_count_hidden":0,"_bbp_reply_count_hidden":0,"_bbp_forum_subforum_count":0,"footnotes":""},"categories":[40,60],"tags":[],"class_list":{"0":"post-349613","1":"post","2":"type-post","3":"status-publish","4":"format-standard","6":"category-comunidad","7":"category-titulares-del-dia"},"_links":{"self":[{"href":"https:\/\/primermomento.com\/index.php?rest_route=\/wp\/v2\/posts\/349613","targetHints":{"allow":["GET"]}}],"collection":[{"href":"https:\/\/primermomento.com\/index.php?rest_route=\/wp\/v2\/posts"}],"about":[{"href":"https:\/\/primermomento.com\/index.php?rest_route=\/wp\/v2\/types\/post"}],"author":[{"embeddable":true,"href":"https:\/\/primermomento.com\/index.php?rest_route=\/wp\/v2\/users\/1"}],"replies":[{"embeddable":true,"href":"https:\/\/primermomento.com\/index.php?rest_route=%2Fwp%2Fv2%2Fcomments&post=349613"}],"version-history":[{"count":1,"href":"https:\/\/primermomento.com\/index.php?rest_route=\/wp\/v2\/posts\/349613\/revisions"}],"predecessor-version":[{"id":349615,"href":"https:\/\/primermomento.com\/index.php?rest_route=\/wp\/v2\/posts\/349613\/revisions\/349615"}],"wp:attachment":[{"href":"https:\/\/primermomento.com\/index.php?rest_route=%2Fwp%2Fv2%2Fmedia&parent=349613"}],"wp:term":[{"taxonomy":"category","embeddable":true,"href":"https:\/\/primermomento.com\/index.php?rest_route=%2Fwp%2Fv2%2Fcategories&post=349613"},{"taxonomy":"post_tag","embeddable":true,"href":"https:\/\/primermomento.com\/index.php?rest_route=%2Fwp%2Fv2%2Ftags&post=349613"}],"curies":[{"name":"wp","href":"https:\/\/api.w.org\/{rel}","templated":true}]}}