{"id":349754,"date":"2021-08-16T07:23:00","date_gmt":"2021-08-16T11:23:00","guid":{"rendered":"http:\/\/primermomento.com\/?p=349754"},"modified":"2021-08-16T10:26:08","modified_gmt":"2021-08-16T14:26:08","slug":"presidente-del-cnd-va-a-ny-a-desarrollar-agenda-de-trabajo","status":"publish","type":"post","link":"https:\/\/primermomento.com\/?p=349754","title":{"rendered":"Presidente del CND va a NY a desarrollar agenda de trabajo"},"content":{"rendered":"\n<p>NUEVA YORK, EEUU.- El presidente del Consejo Nacional de Drogas (CND), Jaime Marte Mart\u00ednez, est\u00e1 de visita en esta ciudad para desarrollar una agenda de trabajo con varias instituciones quisqueyanas establecida en la Gran Manzana.<\/p>\n\n\n\n<div class=\"wp-block-image\"><figure class=\"aligncenter size-large\"><img loading=\"lazy\" decoding=\"async\" width=\"817\" height=\"448\" src=\"http:\/\/primermomento.com\/wp-content\/uploads\/2021\/08\/Presidente-CND-de-RD-visita-NYC-para-desarrollar-agenda-de-trabajo.jpg\" alt=\"\" class=\"wp-image-349755\" srcset=\"https:\/\/primermomento.com\/wp-content\/uploads\/2021\/08\/Presidente-CND-de-RD-visita-NYC-para-desarrollar-agenda-de-trabajo.jpg 817w, https:\/\/primermomento.com\/wp-content\/uploads\/2021\/08\/Presidente-CND-de-RD-visita-NYC-para-desarrollar-agenda-de-trabajo-300x165.jpg 300w, https:\/\/primermomento.com\/wp-content\/uploads\/2021\/08\/Presidente-CND-de-RD-visita-NYC-para-desarrollar-agenda-de-trabajo-768x421.jpg 768w, https:\/\/primermomento.com\/wp-content\/uploads\/2021\/08\/Presidente-CND-de-RD-visita-NYC-para-desarrollar-agenda-de-trabajo-500x274.jpg 500w, https:\/\/primermomento.com\/wp-content\/uploads\/2021\/08\/Presidente-CND-de-RD-visita-NYC-para-desarrollar-agenda-de-trabajo-280x154.jpg 280w, https:\/\/primermomento.com\/wp-content\/uploads\/2021\/08\/Presidente-CND-de-RD-visita-NYC-para-desarrollar-agenda-de-trabajo-638x350.jpg 638w, https:\/\/primermomento.com\/wp-content\/uploads\/2021\/08\/Presidente-CND-de-RD-visita-NYC-para-desarrollar-agenda-de-trabajo-118x65.jpg 118w, https:\/\/primermomento.com\/wp-content\/uploads\/2021\/08\/Presidente-CND-de-RD-visita-NYC-para-desarrollar-agenda-de-trabajo-479x263.jpg 479w\" sizes=\"auto, (max-width: 817px) 100vw, 817px\" \/><\/figure><\/div>\n\n\n\n<p>El ex jefe de la Polic\u00eda Nacional de la Rep\u00fablica Dominicana, acompa\u00f1ado de Yuri Ru\u00edz Villalona, director del Observatorio Dominicano de Drogas, implementar\u00e1 acuerdos de trabajo en el trato de la rehabilitaci\u00f3n de la adicci\u00f3n de las drogas y su impacto en nuestra comunidad y el pa\u00eds caribe\u00f1o.<\/p>\n\n\n\n<p>De igual forma, intercambiar\u00e1 impresiones con expertos que han estudiado el uso indebido de drogas e implementado con \u00e9xito programas preventivos y de rehabilitaci\u00f3n.<\/p>\n\n\n\n<p>Este lunes visitar\u00e1 en horas de la ma\u00f1ana al c\u00f3nsul dominicano en esta ciudad, Eligio J\u00e1quez, luego al congresista Adriano Espaillat, en horas de la tarde la liga deportiva que opera en el parque Highbridge, y en la noche una cena con invitados especiales en un restaurant del Alto Manhattan.<\/p>\n\n\n\n<p>El martes lo har\u00e1 a un centro de tratamiento de crisis por dependencias a qu\u00edmicos, luego al concejal por el Alto Manhattan, Ydanis Rodr\u00edguez, y en horas de la tarde ir\u00e1 a un centro m\u00e9dico especializado en tratamiento de adictos.<\/p>\n\n\n\n<p>El mi\u00e9rcoles sostendr\u00e1 encuentros con representantes de organizaciones comunitarias que trabajan el tema de la prevenci\u00f3n de sustancias legales e ilegales en NY.<\/p>\n\n\n\n<p>\u201cQueremos seguir fortaleciendo criterios para ayudar a los dominicanos y en especial a nuestra juventud para que est\u00e9n a salvo de las amenazas que presentan las drogas para sus vidas y dotarlos de m\u00e1s factores de protecci\u00f3n y la de toda su familia\u201d, dijo.<\/p>\n\n\n\n<p>Marte Mart\u00ednez ocup\u00f3 la jefatura de la Polic\u00eda en el 2002, en sustituci\u00f3n de Pedro de Jes\u00fas Candelier y durante la candidatura de Luis Abinader se desempe\u00f1\u00f3 como director de transporte.<\/p>\n\n\n\n<p>Tanto \u00e9l como Ru\u00edz Villalona son invitados por la \u201cJunta Comunal 12\u201d y la \u201cC\u00e1mara de Comercio de Washington Heights\u201d, que preside Eleazar Bueno.<\/p>\n\n\n\n<p class=\"has-text-align-right\"><em>Ram\u00f3n Mercedes<\/em><\/p>\n","protected":false},"excerpt":{"rendered":"<p>NUEVA YORK, EEUU.- El presidente del Consejo Nacional de Drogas (CND), Jaime Marte Mart\u00ednez, est\u00e1 de visita en esta ciudad para desarrollar una agenda de trabajo con varias instituciones quisqueyanas establecida en la Gran Manzana. El ex jefe de la Polic\u00eda Nacional de la Rep\u00fablica Dominicana, acompa\u00f1ado de Yuri Ru\u00edz Villalona, director del Observatorio Dominicano [&hellip;]<\/p>\n","protected":false},"author":1,"featured_media":0,"comment_status":"open","ping_status":"open","sticky":false,"template":"","format":"standard","meta":{"_bbp_topic_count":0,"_bbp_reply_count":0,"_bbp_total_topic_count":0,"_bbp_total_reply_count":0,"_bbp_voice_count":0,"_bbp_anonymous_reply_count":0,"_bbp_topic_count_hidden":0,"_bbp_reply_count_hidden":0,"_bbp_forum_subforum_count":0,"footnotes":""},"categories":[40,60],"tags":[],"class_list":{"0":"post-349754","1":"post","2":"type-post","3":"status-publish","4":"format-standard","6":"category-comunidad","7":"category-titulares-del-dia"},"_links":{"self":[{"href":"https:\/\/primermomento.com\/index.php?rest_route=\/wp\/v2\/posts\/349754","targetHints":{"allow":["GET"]}}],"collection":[{"href":"https:\/\/primermomento.com\/index.php?rest_route=\/wp\/v2\/posts"}],"about":[{"href":"https:\/\/primermomento.com\/index.php?rest_route=\/wp\/v2\/types\/post"}],"author":[{"embeddable":true,"href":"https:\/\/primermomento.com\/index.php?rest_route=\/wp\/v2\/users\/1"}],"replies":[{"embeddable":true,"href":"https:\/\/primermomento.com\/index.php?rest_route=%2Fwp%2Fv2%2Fcomments&post=349754"}],"version-history":[{"count":1,"href":"https:\/\/primermomento.com\/index.php?rest_route=\/wp\/v2\/posts\/349754\/revisions"}],"predecessor-version":[{"id":349756,"href":"https:\/\/primermomento.com\/index.php?rest_route=\/wp\/v2\/posts\/349754\/revisions\/349756"}],"wp:attachment":[{"href":"https:\/\/primermomento.com\/index.php?rest_route=%2Fwp%2Fv2%2Fmedia&parent=349754"}],"wp:term":[{"taxonomy":"category","embeddable":true,"href":"https:\/\/primermomento.com\/index.php?rest_route=%2Fwp%2Fv2%2Fcategories&post=349754"},{"taxonomy":"post_tag","embeddable":true,"href":"https:\/\/primermomento.com\/index.php?rest_route=%2Fwp%2Fv2%2Ftags&post=349754"}],"curies":[{"name":"wp","href":"https:\/\/api.w.org\/{rel}","templated":true}]}}