{"id":349779,"date":"2021-08-16T08:55:00","date_gmt":"2021-08-16T12:55:00","guid":{"rendered":"http:\/\/primermomento.com\/?p=349779"},"modified":"2021-08-16T12:03:31","modified_gmt":"2021-08-16T16:03:31","slug":"consul-dominicano-se-reune-con-pastores-ministros-y-obispos","status":"publish","type":"post","link":"https:\/\/primermomento.com\/?p=349779","title":{"rendered":"C\u00f3nsul dominicano se re\u00fane con pastores, ministros y obispos"},"content":{"rendered":"\n<p>NUEVA YORK, EEUU.- El honorable C\u00f3nsul de la Rep\u00fablica Dominicana en este Estado, ingeniero Eligio J\u00e1quez honr\u00f3 con su presencia el s\u00e1bado el banquete organizado por la Organizaci\u00f3n de Pastores y Ministros Hispanos de Nueva York que lidera y preside el reverendo Rub\u00e9n D\u00edaz, el cual se desarroll\u00f3\u00a0 en los salones de Maestros Caterers en el condado de El Bronx de esta ciudad de New York.<\/p>\n\n\n\n<div class=\"wp-block-image\"><figure class=\"aligncenter size-large\"><img loading=\"lazy\" decoding=\"async\" width=\"662\" height=\"423\" src=\"http:\/\/primermomento.com\/wp-content\/uploads\/2021\/08\/Reunion-consul-con-pastores.jpg\" alt=\"\" class=\"wp-image-349780\" srcset=\"https:\/\/primermomento.com\/wp-content\/uploads\/2021\/08\/Reunion-consul-con-pastores.jpg 662w, https:\/\/primermomento.com\/wp-content\/uploads\/2021\/08\/Reunion-consul-con-pastores-300x192.jpg 300w, https:\/\/primermomento.com\/wp-content\/uploads\/2021\/08\/Reunion-consul-con-pastores-500x319.jpg 500w, https:\/\/primermomento.com\/wp-content\/uploads\/2021\/08\/Reunion-consul-con-pastores-280x179.jpg 280w, https:\/\/primermomento.com\/wp-content\/uploads\/2021\/08\/Reunion-consul-con-pastores-638x408.jpg 638w, https:\/\/primermomento.com\/wp-content\/uploads\/2021\/08\/Reunion-consul-con-pastores-118x75.jpg 118w, https:\/\/primermomento.com\/wp-content\/uploads\/2021\/08\/Reunion-consul-con-pastores-479x306.jpg 479w\" sizes=\"auto, (max-width: 662px) 100vw, 662px\" \/><\/figure><\/div>\n\n\n\n<p>La actividad tiene una tradici\u00f3n de 35 a\u00f1os y la misma reconoce la labor de pastores, ministros y obispos de diferentes lugares de los Estados Unidos.<\/p>\n\n\n\n<p>El representante diplom\u00e1tico resalt\u00f3 el apoyo que esa organizaci\u00f3n y su presidente, Rub\u00e9n D\u00edaz siempre han ofrecido a la comunidad dominicana residente en Nueva York, por lo que dijo sentirse complacido con la invitaci\u00f3n a tan importante evento religioso.<\/p>\n\n\n\n<p>Durante el encuentro la pastora Elena Ventura de Castillo, dirigente del Frente de L\u00edderes y Ministros dominicanos por el Cambio estuvo entre las personalidades y dirigentes religiosos que fueron reconocidos por el Concilio que dirige el reverendo Rub\u00e9n D\u00edaz, quien actualmente es Concejal de la ciudad de Nueva York.<\/p>\n\n\n\n<p>J\u00e1quez igualmente refiri\u00f3 que el Consulado dominicano ha estado y estar\u00e1 a la disposici\u00f3n de los l\u00edderes religiosos que aglutina a la organizaci\u00f3n de Pastores, Ministros y Obispos de la religi\u00f3n cristiana newyorkina.<\/p>\n\n\n\n<p>La comisi\u00f3n que acompa\u00f1\u00f3 al C\u00f3nsul General de Rep\u00fablica Dominicana, Eligio J\u00e1quez estuvo integrada por David Vargas, Ramona Almonte (Mon\u00edn), Jos\u00e9 Abreu, Mayra S\u00e1nchez y el licenciado Manuel -Manny- F\u00e9lix. A la ceremonia tambi\u00e9n asistieron Jos\u00e9 Mart\u00ednez, presidente de Radio Visi\u00f3n Cristina, H\u00e9ctor Castillo, presidente del Frente de L\u00edderes y Ministros Dominicanos Unidos por el Cambio de Usa, as\u00ed como asamble\u00edstas, concejales,&nbsp; congresistas y l\u00edderes comunitarios de las diferentes etnias que residen en el estado de Nueva York.<\/p>\n","protected":false},"excerpt":{"rendered":"<p>NUEVA YORK, EEUU.- El honorable C\u00f3nsul de la Rep\u00fablica Dominicana en este Estado, ingeniero Eligio J\u00e1quez honr\u00f3 con su presencia el s\u00e1bado el banquete organizado por la Organizaci\u00f3n de Pastores y Ministros Hispanos de Nueva York que lidera y preside el reverendo Rub\u00e9n D\u00edaz, el cual se desarroll\u00f3\u00a0 en los salones de Maestros Caterers en [&hellip;]<\/p>\n","protected":false},"author":1,"featured_media":0,"comment_status":"open","ping_status":"open","sticky":false,"template":"","format":"standard","meta":{"_bbp_topic_count":0,"_bbp_reply_count":0,"_bbp_total_topic_count":0,"_bbp_total_reply_count":0,"_bbp_voice_count":0,"_bbp_anonymous_reply_count":0,"_bbp_topic_count_hidden":0,"_bbp_reply_count_hidden":0,"_bbp_forum_subforum_count":0,"footnotes":""},"categories":[40,60],"tags":[],"class_list":{"0":"post-349779","1":"post","2":"type-post","3":"status-publish","4":"format-standard","6":"category-comunidad","7":"category-titulares-del-dia"},"_links":{"self":[{"href":"https:\/\/primermomento.com\/index.php?rest_route=\/wp\/v2\/posts\/349779","targetHints":{"allow":["GET"]}}],"collection":[{"href":"https:\/\/primermomento.com\/index.php?rest_route=\/wp\/v2\/posts"}],"about":[{"href":"https:\/\/primermomento.com\/index.php?rest_route=\/wp\/v2\/types\/post"}],"author":[{"embeddable":true,"href":"https:\/\/primermomento.com\/index.php?rest_route=\/wp\/v2\/users\/1"}],"replies":[{"embeddable":true,"href":"https:\/\/primermomento.com\/index.php?rest_route=%2Fwp%2Fv2%2Fcomments&post=349779"}],"version-history":[{"count":1,"href":"https:\/\/primermomento.com\/index.php?rest_route=\/wp\/v2\/posts\/349779\/revisions"}],"predecessor-version":[{"id":349781,"href":"https:\/\/primermomento.com\/index.php?rest_route=\/wp\/v2\/posts\/349779\/revisions\/349781"}],"wp:attachment":[{"href":"https:\/\/primermomento.com\/index.php?rest_route=%2Fwp%2Fv2%2Fmedia&parent=349779"}],"wp:term":[{"taxonomy":"category","embeddable":true,"href":"https:\/\/primermomento.com\/index.php?rest_route=%2Fwp%2Fv2%2Fcategories&post=349779"},{"taxonomy":"post_tag","embeddable":true,"href":"https:\/\/primermomento.com\/index.php?rest_route=%2Fwp%2Fv2%2Ftags&post=349779"}],"curies":[{"name":"wp","href":"https:\/\/api.w.org\/{rel}","templated":true}]}}