{"id":349997,"date":"2021-08-19T07:55:00","date_gmt":"2021-08-19T11:55:00","guid":{"rendered":"http:\/\/primermomento.com\/?p=349997"},"modified":"2021-08-19T14:58:49","modified_gmt":"2021-08-19T18:58:49","slug":"fundacion-continua-labor-social-desde-ny-hacia-vicente-noble-rd","status":"publish","type":"post","link":"https:\/\/primermomento.com\/?p=349997","title":{"rendered":"Fundaci\u00f3n contin\u00faa labor social desde NY hacia Vicente Noble RD"},"content":{"rendered":"\n<p>NUEVA YORK, EEUU.- La Fundaci\u00f3n Benjam\u00edn Vargas, creada y presidida en esta ciudad por quien lleva el mismo nombre de la organizaci\u00f3n, contin\u00faa su labor social hacia el poblado de Vicente Noble, enclavado en el Sur de la Rep\u00fablica Dominicana.<\/p>\n\n\n\n<div class=\"wp-block-image\"><figure class=\"aligncenter size-large\"><img loading=\"lazy\" decoding=\"async\" width=\"1017\" height=\"383\" src=\"http:\/\/primermomento.com\/wp-content\/uploads\/2021\/08\/Fundacion-Benjamin-Vargas-continua-labor-social-desde-NY-hacia-Vicente-Noble-RD.jpg\" alt=\"\" class=\"wp-image-349998\" srcset=\"https:\/\/primermomento.com\/wp-content\/uploads\/2021\/08\/Fundacion-Benjamin-Vargas-continua-labor-social-desde-NY-hacia-Vicente-Noble-RD.jpg 1017w, https:\/\/primermomento.com\/wp-content\/uploads\/2021\/08\/Fundacion-Benjamin-Vargas-continua-labor-social-desde-NY-hacia-Vicente-Noble-RD-300x113.jpg 300w, https:\/\/primermomento.com\/wp-content\/uploads\/2021\/08\/Fundacion-Benjamin-Vargas-continua-labor-social-desde-NY-hacia-Vicente-Noble-RD-768x289.jpg 768w, https:\/\/primermomento.com\/wp-content\/uploads\/2021\/08\/Fundacion-Benjamin-Vargas-continua-labor-social-desde-NY-hacia-Vicente-Noble-RD-500x188.jpg 500w, https:\/\/primermomento.com\/wp-content\/uploads\/2021\/08\/Fundacion-Benjamin-Vargas-continua-labor-social-desde-NY-hacia-Vicente-Noble-RD-280x105.jpg 280w, https:\/\/primermomento.com\/wp-content\/uploads\/2021\/08\/Fundacion-Benjamin-Vargas-continua-labor-social-desde-NY-hacia-Vicente-Noble-RD-638x240.jpg 638w, https:\/\/primermomento.com\/wp-content\/uploads\/2021\/08\/Fundacion-Benjamin-Vargas-continua-labor-social-desde-NY-hacia-Vicente-Noble-RD-118x44.jpg 118w, https:\/\/primermomento.com\/wp-content\/uploads\/2021\/08\/Fundacion-Benjamin-Vargas-continua-labor-social-desde-NY-hacia-Vicente-Noble-RD-479x180.jpg 479w\" sizes=\"auto, (max-width: 1017px) 100vw, 1017px\" \/><\/figure><\/div>\n\n\n\n<p>Recientemente la Fundaci\u00f3n envi\u00f3 a dicha poblaci\u00f3n decenas de equipos esenciales para auxiliar personas de escasos recursos econ\u00f3micos con determinadas enfermedades y discapacidades.<\/p>\n\n\n\n<p>Entre estos figuran silla de ruedas, bastones, andadores, pa\u00f1ales, medicinas y alimentos variados que estar\u00e1n a disposici\u00f3n para cualquier persona en la poblaci\u00f3n que lo necesite y solicite, sostuvo Vargas.<\/p>\n\n\n\n<p>\u201cEs una labor tit\u00e1nica y seguiremos con nuestro compromiso social y humanitario para favorecer a personas pobres de Vicente Noble por Dentro, Ayuntamiento Vicente Noble, Centro de Sor Vicente Noble, Comit\u00e9 Vicente Noble Avanza, y pueblos aleda\u00f1os, precis\u00f3.<\/p>\n\n\n\n<p>Asimismo, prestar\u00e1n tanques de ox\u00edgeno y una cama de posiciones, gracias a Mar\u00eda A. Pe\u00f1a (Mella) y su hijo, el ingeniero Alexis Ferreras, que lo tienen disponibles.<\/p>\n\n\n\n<p>\u201cSiempre bendecir y agradecer a nuestros colaboradores en Nueva York, Espa\u00f1a y Vicente Noble que de forma voluntaria y muy altruista hacen posible y m\u00e1s f\u00e1cil esta misi\u00f3n que nos hemos propuesto\u201d, sentenci\u00f3 Vargas.<\/p>\n\n\n\n<p>Cualquier solicitud o colaboraci\u00f3n estamos en la disposici\u00f3n de recibir (917-577-8966) con la seguridad que las ayudas estar\u00e1n a la disposici\u00f3n de quien realmente las necesite\u201d, subray\u00f3.<\/p>\n\n\n\n<p class=\"has-text-align-right\"><em>Ram\u00f3n Mercedes<\/em><\/p>\n","protected":false},"excerpt":{"rendered":"<p>NUEVA YORK, EEUU.- La Fundaci\u00f3n Benjam\u00edn Vargas, creada y presidida en esta ciudad por quien lleva el mismo nombre de la organizaci\u00f3n, contin\u00faa su labor social hacia el poblado de Vicente Noble, enclavado en el Sur de la Rep\u00fablica Dominicana. Recientemente la Fundaci\u00f3n envi\u00f3 a dicha poblaci\u00f3n decenas de equipos esenciales para auxiliar personas de [&hellip;]<\/p>\n","protected":false},"author":1,"featured_media":0,"comment_status":"open","ping_status":"open","sticky":false,"template":"","format":"standard","meta":{"_bbp_topic_count":0,"_bbp_reply_count":0,"_bbp_total_topic_count":0,"_bbp_total_reply_count":0,"_bbp_voice_count":0,"_bbp_anonymous_reply_count":0,"_bbp_topic_count_hidden":0,"_bbp_reply_count_hidden":0,"_bbp_forum_subforum_count":0,"footnotes":""},"categories":[40,60],"tags":[],"class_list":{"0":"post-349997","1":"post","2":"type-post","3":"status-publish","4":"format-standard","6":"category-comunidad","7":"category-titulares-del-dia"},"_links":{"self":[{"href":"https:\/\/primermomento.com\/index.php?rest_route=\/wp\/v2\/posts\/349997","targetHints":{"allow":["GET"]}}],"collection":[{"href":"https:\/\/primermomento.com\/index.php?rest_route=\/wp\/v2\/posts"}],"about":[{"href":"https:\/\/primermomento.com\/index.php?rest_route=\/wp\/v2\/types\/post"}],"author":[{"embeddable":true,"href":"https:\/\/primermomento.com\/index.php?rest_route=\/wp\/v2\/users\/1"}],"replies":[{"embeddable":true,"href":"https:\/\/primermomento.com\/index.php?rest_route=%2Fwp%2Fv2%2Fcomments&post=349997"}],"version-history":[{"count":1,"href":"https:\/\/primermomento.com\/index.php?rest_route=\/wp\/v2\/posts\/349997\/revisions"}],"predecessor-version":[{"id":349999,"href":"https:\/\/primermomento.com\/index.php?rest_route=\/wp\/v2\/posts\/349997\/revisions\/349999"}],"wp:attachment":[{"href":"https:\/\/primermomento.com\/index.php?rest_route=%2Fwp%2Fv2%2Fmedia&parent=349997"}],"wp:term":[{"taxonomy":"category","embeddable":true,"href":"https:\/\/primermomento.com\/index.php?rest_route=%2Fwp%2Fv2%2Fcategories&post=349997"},{"taxonomy":"post_tag","embeddable":true,"href":"https:\/\/primermomento.com\/index.php?rest_route=%2Fwp%2Fv2%2Ftags&post=349997"}],"curies":[{"name":"wp","href":"https:\/\/api.w.org\/{rel}","templated":true}]}}